{"id":3671,"date":"2020-03-22T16:44:12","date_gmt":"2020-03-22T16:44:12","guid":{"rendered":"https:\/\/cetm-madrid.es\/web\/?p=3671"},"modified":"2020-03-23T16:46:21","modified_gmt":"2020-03-23T16:46:21","slug":"la-cetm-aclara-la-confusion-creada-en-torno-a-la-distribucion-de-mascarillas-a-los-conductores","status":"publish","type":"post","link":"https:\/\/cetm-madrid.es\/web\/la-cetm-aclara-la-confusion-creada-en-torno-a-la-distribucion-de-mascarillas-a-los-conductores\/","title":{"rendered":"LA CETM ACLARA LA CONFUSI\u00d3N CREADA EN TORNO A LA DISTRIBUCI\u00d3N DE MASCARILLAS A LOS CONDUCTORES"},"content":{"rendered":"<p>[et_pb_section fb_built=&#8221;1&#8243; admin_label=&#8221;section&#8221; _builder_version=&#8221;3.22&#8243;][et_pb_row admin_label=&#8221;row&#8221; _builder_version=&#8221;3.25&#8243; background_size=&#8221;initial&#8221; background_position=&#8221;top_left&#8221; background_repeat=&#8221;repeat&#8221; column_structure=&#8221;2_3,1_3&#8243;][et_pb_column type=&#8221;2_3&#8243; _builder_version=&#8221;3.25&#8243; custom_padding=&#8221;|||&#8221; custom_padding__hover=&#8221;|||&#8221;][et_pb_text admin_label=&#8221;Texto&#8221; _builder_version=&#8221;4.2.2&#8243; background_size=&#8221;initial&#8221; background_position=&#8221;top_left&#8221; background_repeat=&#8221;repeat&#8221; text_orientation=&#8221;justified&#8221; hover_enabled=&#8221;0&#8243; use_border_color=&#8221;off&#8221; border_color=&#8221;#ffffff&#8221; border_style=&#8221;solid&#8221;]<\/p>\n<p>Ante las noticias aparecidas en determinados medios de comunicaci\u00f3n informando que una organizaci\u00f3n de transportistas (Fenadismer) iba a proceder a la distribuci\u00f3n de mascarillas para los conductores de veh\u00edculos de transporte, a trav\u00e9s de la red de estaciones de servicio de la petrolera GALP, la Confederaci\u00f3n Espa\u00f1ola de Transporte de Mercanc\u00edas (CETM) considera conveniente transmitir a la sociedad y a todo el sector del transporte las siguientes aclaraciones: <\/p>\n<p>\u2022 Solo la Direcci\u00f3n General de Transporte Terrestre del Ministerio de Transporte, Movilidad y Agenda Urbana est\u00e1 autorizada para precisar los criterios de asignaci\u00f3n y el procedimiento de distribuci\u00f3n de las mascarillas para trabajadores que prestan servicios en el \u00e1mbito del transporte terrestre. <\/p>\n<p>\u2022 En el ejercicio de dicha habilitaci\u00f3n y, tal y como se nos ha informado desde la propia Direcci\u00f3n General de Transporte Terrestre, en breve se dictar\u00e1n las instrucciones necesarias que se dar\u00e1n a conocer en el momento oportuno. <\/p>\n<p>\u2022 En dichas instrucciones se recoger\u00e1n criterios transparentes de asignaci\u00f3n, se establecer\u00e1 un procedimiento \u00e1gil y con el control adecuado y se tomaran las medidas adecuadas para poder llevar a efecto su distribuci\u00f3n. <\/p>\n<p>Por lo tanto, en nuestra opini\u00f3n, esta noticia que solo est\u00e1 sirviendo para generar confusi\u00f3n y crear dudas que en nada ayudan a solucionar las dificultades actuales, es un intento interesado e innecesario de asumir un protagonismo que no corresponde en unos momentos en los que la solidaridad y el trabajo en com\u00fan por el colectivo al que representamos, y que tantos riesgos est\u00e1 asumiendo para la realizaci\u00f3n de su trabajo, deber\u00edan ser los \u00fanicos valores por los que todos deber\u00edamos regirnos.<\/p>\n<p>[\/et_pb_text][\/et_pb_column][et_pb_column type=&#8221;1_3&#8243; _builder_version=&#8221;3.25&#8243; custom_padding=&#8221;|||&#8221; custom_padding__hover=&#8221;|||&#8221;][et_pb_image src=&#8221;https:\/\/cetm-madrid.es\/web\/wp-content\/uploads\/2020\/03\/Captura-12.jpg&#8221; align_tablet=&#8221;center&#8221; align_last_edited=&#8221;on|desktop&#8221; admin_label=&#8221;Imagen&#8221; _builder_version=&#8221;4.2.2&#8243; animation_style=&#8221;slide&#8221; animation_direction=&#8221;left&#8221; animation_duration=&#8221;500ms&#8221; animation_intensity_slide=&#8221;10%&#8221; hover_enabled=&#8221;0&#8243; use_border_color=&#8221;off&#8221; border_color=&#8221;#ffffff&#8221; border_style=&#8221;solid&#8221; animation=&#8221;left&#8221; sticky=&#8221;off&#8221; always_center_on_mobile=&#8221;on&#8221;][\/et_pb_image][\/et_pb_column][\/et_pb_row][\/et_pb_section]<\/p>\n","protected":false},"excerpt":{"rendered":"<p>Ante las noticias aparecidas en determinados medios de comunicaci\u00f3n informando que una organizaci\u00f3n de transportistas (Fenadismer) iba a proceder a la distribuci\u00f3n de mascarillas para los conductores de veh\u00edculos de transporte, a trav\u00e9s de la red de estaciones de servicio de la petrolera GALP, la Confederaci\u00f3n Espa\u00f1ola de Transporte de Mercanc\u00edas (CETM) considera conveniente transmitir [&hellip;]<\/p>\n","protected":false},"author":1,"featured_media":3619,"comment_status":"closed","ping_status":"open","sticky":false,"template":"","format":"standard","meta":{"_et_pb_use_builder":"on","_et_pb_old_content":"","_et_gb_content_width":"","footnotes":""},"categories":[5,4],"tags":[],"class_list":["post-3671","post","type-post","status-publish","format-standard","has-post-thumbnail","hentry","category-general","category-organizacion"],"_links":{"self":[{"href":"https:\/\/cetm-madrid.es\/web\/wp-json\/wp\/v2\/posts\/3671","targetHints":{"allow":["GET"]}}],"collection":[{"href":"https:\/\/cetm-madrid.es\/web\/wp-json\/wp\/v2\/posts"}],"about":[{"href":"https:\/\/cetm-madrid.es\/web\/wp-json\/wp\/v2\/types\/post"}],"author":[{"embeddable":true,"href":"https:\/\/cetm-madrid.es\/web\/wp-json\/wp\/v2\/users\/1"}],"replies":[{"embeddable":true,"href":"https:\/\/cetm-madrid.es\/web\/wp-json\/wp\/v2\/comments?post=3671"}],"version-history":[{"count":0,"href":"https:\/\/cetm-madrid.es\/web\/wp-json\/wp\/v2\/posts\/3671\/revisions"}],"wp:featuredmedia":[{"embeddable":true,"href":"https:\/\/cetm-madrid.es\/web\/wp-json\/wp\/v2\/media\/3619"}],"wp:attachment":[{"href":"https:\/\/cetm-madrid.es\/web\/wp-json\/wp\/v2\/media?parent=3671"}],"wp:term":[{"taxonomy":"category","embeddable":true,"href":"https:\/\/cetm-madrid.es\/web\/wp-json\/wp\/v2\/categories?post=3671"},{"taxonomy":"post_tag","embeddable":true,"href":"https:\/\/cetm-madrid.es\/web\/wp-json\/wp\/v2\/tags?post=3671"}],"curies":[{"name":"wp","href":"https:\/\/api.w.org\/{rel}","templated":true}]}}