{"id":3650,"date":"2020-03-22T17:24:10","date_gmt":"2020-03-22T17:24:10","guid":{"rendered":"https:\/\/cetm-madrid.es\/web\/?p=3650"},"modified":"2020-03-22T17:24:15","modified_gmt":"2020-03-22T17:24:15","slug":"si-baja-el-brent-por-que-no-bajan-los-combustibles","status":"publish","type":"post","link":"https:\/\/cetm-madrid.es\/web\/si-baja-el-brent-por-que-no-bajan-los-combustibles\/","title":{"rendered":"SI BAJA EL BRENT \u00bfPOR QU\u00c9 NO BAJAN LOS COMBUSTIBLES?"},"content":{"rendered":"<p>[et_pb_section fb_built=&#8221;1&#8243; admin_label=&#8221;section&#8221; _builder_version=&#8221;3.22&#8243;][et_pb_row admin_label=&#8221;row&#8221; _builder_version=&#8221;3.25&#8243; background_size=&#8221;initial&#8221; background_position=&#8221;top_left&#8221; background_repeat=&#8221;repeat&#8221; column_structure=&#8221;2_3,1_3&#8243;][et_pb_column type=&#8221;2_3&#8243; _builder_version=&#8221;3.25&#8243; custom_padding=&#8221;|||&#8221; custom_padding__hover=&#8221;|||&#8221;][et_pb_text admin_label=&#8221;Texto&#8221; _builder_version=&#8221;4.2.2&#8243; background_size=&#8221;initial&#8221; background_position=&#8221;top_left&#8221; background_repeat=&#8221;repeat&#8221; text_orientation=&#8221;justified&#8221; hover_enabled=&#8221;0&#8243; use_border_color=&#8221;off&#8221; border_color=&#8221;#ffffff&#8221; border_style=&#8221;solid&#8221;]<\/p>\n<p>La subida del precio del petr\u00f3leo Brent siempre se se\u00f1ala como uno de los motivos del aumento de los precios de los combustibles en las estaciones de servicio. Pero \u00bfqu\u00e9 pasa cuando este precio tiene un desplome como el de esta semana? En teor\u00eda, esta situaci\u00f3n deber\u00eda provocar una ca\u00edda de proporciones similares en los precios que pagan los consumidores, pero, misterios del mercado,<strong> la bajada del precio en surtidor nunca es tan autom\u00e1tica o inmediata como lo son sus subidas<\/strong>, algo que desde la Confederaci\u00f3n Espa\u00f1ola de Transporte de Mercanc\u00edas (CETM) siempre hemos entendido como una <strong>anomal\u00eda injustificable.<\/strong> <\/p>\n<p>No sabemos si las petroleras est\u00e1n esperando que se consolide esta tendencia a la baja, originada por la crisis del coronavirus, para tomar una decisi\u00f3n, pero lo cierto es que <strong>el precio del barril Brent, de referencia en Europa, ha bajado un 55% en lo que va de mes de marzo<\/strong> y la mayor parte de los analistas coinciden en que este<strong> fen\u00f3meno del precio del petr\u00f3leo en cifras baj\u00edsimas se mantendr\u00e1 al menos unas cuantas semanas,<\/strong> sin que esta bajada se haya notado, en la misma proporci\u00f3n, en el precio final del combustible todav\u00eda. <\/p>\n<p>En la CETM, creemos que no estar\u00eda de m\u00e1s que,<strong> en una de las situaciones m\u00e1s dif\u00edciles de nuestra historia reciente,<\/strong> y con todo el sector del transporte y la log\u00edstica volcado para que no nos falte de nada durante estos d\u00edas, <strong>las petroleras se esforzaran al m\u00e1ximo en ajustar a la baja el precio del combustible<\/strong> durante el estado de alarma,<strong> respetando la tendencia del mercado,<\/strong> facilitando as\u00ed el trabajo de nuestras empresas, que se est\u00e1n sacrificando m\u00e1s que nunca para <strong>contribuir a la normalidad que en estos momentos tanto demanda la sociedad.<\/strong><\/p>\n<p>[\/et_pb_text][\/et_pb_column][et_pb_column type=&#8221;1_3&#8243; _builder_version=&#8221;3.25&#8243; custom_padding=&#8221;|||&#8221; custom_padding__hover=&#8221;|||&#8221;][et_pb_image src=&#8221;https:\/\/cetm-madrid.es\/web\/wp-content\/uploads\/2020\/03\/Captura-4.jpg&#8221; align_tablet=&#8221;center&#8221; align_last_edited=&#8221;on|desktop&#8221; admin_label=&#8221;Imagen&#8221; _builder_version=&#8221;4.2.2&#8243; animation_style=&#8221;slide&#8221; animation_direction=&#8221;left&#8221; animation_duration=&#8221;500ms&#8221; animation_intensity_slide=&#8221;10%&#8221; hover_enabled=&#8221;0&#8243; use_border_color=&#8221;off&#8221; border_color=&#8221;#ffffff&#8221; border_style=&#8221;solid&#8221; animation=&#8221;left&#8221; sticky=&#8221;off&#8221; always_center_on_mobile=&#8221;on&#8221;][\/et_pb_image][\/et_pb_column][\/et_pb_row][\/et_pb_section]<\/p>\n","protected":false},"excerpt":{"rendered":"<p>La subida del precio del petr\u00f3leo Brent siempre se se\u00f1ala como uno de los motivos del aumento de los precios de los combustibles en las estaciones de servicio. Pero \u00bfqu\u00e9 pasa cuando este precio tiene un desplome como el de esta semana? En teor\u00eda, esta situaci\u00f3n deber\u00eda provocar una ca\u00edda de proporciones similares en los [&hellip;]<\/p>\n","protected":false},"author":1,"featured_media":3245,"comment_status":"closed","ping_status":"open","sticky":false,"template":"","format":"standard","meta":{"_et_pb_use_builder":"on","_et_pb_old_content":"","_et_gb_content_width":"","footnotes":""},"categories":[5,4],"tags":[],"class_list":["post-3650","post","type-post","status-publish","format-standard","has-post-thumbnail","hentry","category-general","category-organizacion"],"_links":{"self":[{"href":"https:\/\/cetm-madrid.es\/web\/wp-json\/wp\/v2\/posts\/3650","targetHints":{"allow":["GET"]}}],"collection":[{"href":"https:\/\/cetm-madrid.es\/web\/wp-json\/wp\/v2\/posts"}],"about":[{"href":"https:\/\/cetm-madrid.es\/web\/wp-json\/wp\/v2\/types\/post"}],"author":[{"embeddable":true,"href":"https:\/\/cetm-madrid.es\/web\/wp-json\/wp\/v2\/users\/1"}],"replies":[{"embeddable":true,"href":"https:\/\/cetm-madrid.es\/web\/wp-json\/wp\/v2\/comments?post=3650"}],"version-history":[{"count":0,"href":"https:\/\/cetm-madrid.es\/web\/wp-json\/wp\/v2\/posts\/3650\/revisions"}],"wp:featuredmedia":[{"embeddable":true,"href":"https:\/\/cetm-madrid.es\/web\/wp-json\/wp\/v2\/media\/3245"}],"wp:attachment":[{"href":"https:\/\/cetm-madrid.es\/web\/wp-json\/wp\/v2\/media?parent=3650"}],"wp:term":[{"taxonomy":"category","embeddable":true,"href":"https:\/\/cetm-madrid.es\/web\/wp-json\/wp\/v2\/categories?post=3650"},{"taxonomy":"post_tag","embeddable":true,"href":"https:\/\/cetm-madrid.es\/web\/wp-json\/wp\/v2\/tags?post=3650"}],"curies":[{"name":"wp","href":"https:\/\/api.w.org\/{rel}","templated":true}]}}