{"id":2979,"date":"2020-01-30T16:35:54","date_gmt":"2020-01-30T16:35:54","guid":{"rendered":"https:\/\/cetm-madrid.es\/web\/?p=2979"},"modified":"2020-02-05T16:38:33","modified_gmt":"2020-02-05T16:38:33","slug":"los-agricultores-tambien-realizaran-hoy-tractoradas-en-salamanca-zamora-palencia-y-burgos","status":"publish","type":"post","link":"https:\/\/cetm-madrid.es\/web\/los-agricultores-tambien-realizaran-hoy-tractoradas-en-salamanca-zamora-palencia-y-burgos\/","title":{"rendered":"LOS AGRICULTORES TAMBI\u00c9N REALIZAR\u00c1N HOY  \u2018TRACTORADAS\u2019 EN SALAMANCA, ZAMORA, PALENCIA Y BURGOS"},"content":{"rendered":"<p>[et_pb_section fb_built=&#8221;1&#8243; admin_label=&#8221;section&#8221; _builder_version=&#8221;3.22&#8243;][et_pb_row admin_label=&#8221;row&#8221; _builder_version=&#8221;3.25&#8243; background_size=&#8221;initial&#8221; background_position=&#8221;top_left&#8221; background_repeat=&#8221;repeat&#8221; column_structure=&#8221;2_3,1_3&#8243;][et_pb_column type=&#8221;2_3&#8243; _builder_version=&#8221;3.25&#8243; custom_padding=&#8221;|||&#8221; custom_padding__hover=&#8221;|||&#8221;][et_pb_text admin_label=&#8221;Texto&#8221; _builder_version=&#8221;4.2.2&#8243; background_size=&#8221;initial&#8221; background_position=&#8221;top_left&#8221; background_repeat=&#8221;repeat&#8221; text_orientation=&#8221;justified&#8221; hover_enabled=&#8221;0&#8243; use_border_color=&#8221;off&#8221; border_color=&#8221;#ffffff&#8221; border_style=&#8221;solid&#8221;]<\/p>\n<p>Las organizaciones agrarias realizar\u00e1n hoy cortes de tr\u00e1fico en varias provincias en se\u00f1al de protesta ante la bajada del precio del aceite y el anuncio de recortes en las ayudas de la Uni\u00f3n Europea.<\/p>\n<p>Tal y como informamos ayer, habr\u00e1 una protesta en las principales carreteras de Ja\u00e9n a la que se suman los agricultores salmantinos. Est\u00e1 previsto que a partir de las 11:00 de hoy, realicen una protesta en las calles de Salamanca con una \u201ctractorada\u201d que paralizar\u00e1 el tr\u00e1fico.<\/p>\n<p>En Zamora los tractores tambi\u00e9n saldr\u00e1n a las calles. La movilizaci\u00f3n partir\u00e1 a las 12:00 de la ma\u00f1ana desde la Delegaci\u00f3n Provincial de la Junta y finalizar\u00e1 en la subdelegaci\u00f3n del Gobierno. La tractorada de Palencia partir\u00e1 desde la rotonda del Parque de Jardinillos hasta la Plaza de los Juzgados por la Avenida Casado del Alisal. Las protestas en defensa del olivar tambi\u00e9n se realizar\u00e1n en Burgos a partir de las 11:00 horas con una concentraci\u00f3n frente a la subdelegaci\u00f3n del Gobierno. <\/p>\n<p>No obstante, las movilizaciones no dejar\u00e1n de sucederse durante las pr\u00f3ximas semanas. Ma\u00f1ana viernes le tocar\u00e1 el turno a Soria, el 3 de febrero Santander, el 4 de febrero Toledo, el 5 de febrero Madrid y, finalmente, el 13 y el 14 de febrero tendr\u00e1 lugar la \u00faltima concentraci\u00f3n en C\u00f3rdoba.<\/p>\n<p>[\/et_pb_text][\/et_pb_column][et_pb_column type=&#8221;1_3&#8243; _builder_version=&#8221;3.25&#8243; custom_padding=&#8221;|||&#8221; custom_padding__hover=&#8221;|||&#8221;][et_pb_image src=&#8221;https:\/\/cetm-madrid.es\/web\/wp-content\/uploads\/2020\/02\/Captura-3.jpg&#8221; align_tablet=&#8221;center&#8221; align_last_edited=&#8221;on|desktop&#8221; admin_label=&#8221;Imagen&#8221; _builder_version=&#8221;4.2.2&#8243; animation_style=&#8221;slide&#8221; animation_direction=&#8221;left&#8221; animation_duration=&#8221;500ms&#8221; animation_intensity_slide=&#8221;10%&#8221; hover_enabled=&#8221;0&#8243; use_border_color=&#8221;off&#8221; border_color=&#8221;#ffffff&#8221; border_style=&#8221;solid&#8221; animation=&#8221;left&#8221; sticky=&#8221;off&#8221; always_center_on_mobile=&#8221;on&#8221;][\/et_pb_image][\/et_pb_column][\/et_pb_row][\/et_pb_section]<\/p>\n","protected":false},"excerpt":{"rendered":"<p>Las organizaciones agrarias realizar\u00e1n hoy cortes de tr\u00e1fico en varias provincias en se\u00f1al de protesta ante la bajada del precio del aceite y el anuncio de recortes en las ayudas de la Uni\u00f3n Europea. Tal y como informamos ayer, habr\u00e1 una protesta en las principales carreteras de Ja\u00e9n a la que se suman los agricultores [&hellip;]<\/p>\n","protected":false},"author":1,"featured_media":2982,"comment_status":"closed","ping_status":"open","sticky":false,"template":"","format":"standard","meta":{"_et_pb_use_builder":"on","_et_pb_old_content":"","_et_gb_content_width":"","footnotes":""},"categories":[5,4],"tags":[],"class_list":["post-2979","post","type-post","status-publish","format-standard","has-post-thumbnail","hentry","category-general","category-organizacion"],"_links":{"self":[{"href":"https:\/\/cetm-madrid.es\/web\/wp-json\/wp\/v2\/posts\/2979","targetHints":{"allow":["GET"]}}],"collection":[{"href":"https:\/\/cetm-madrid.es\/web\/wp-json\/wp\/v2\/posts"}],"about":[{"href":"https:\/\/cetm-madrid.es\/web\/wp-json\/wp\/v2\/types\/post"}],"author":[{"embeddable":true,"href":"https:\/\/cetm-madrid.es\/web\/wp-json\/wp\/v2\/users\/1"}],"replies":[{"embeddable":true,"href":"https:\/\/cetm-madrid.es\/web\/wp-json\/wp\/v2\/comments?post=2979"}],"version-history":[{"count":0,"href":"https:\/\/cetm-madrid.es\/web\/wp-json\/wp\/v2\/posts\/2979\/revisions"}],"wp:featuredmedia":[{"embeddable":true,"href":"https:\/\/cetm-madrid.es\/web\/wp-json\/wp\/v2\/media\/2982"}],"wp:attachment":[{"href":"https:\/\/cetm-madrid.es\/web\/wp-json\/wp\/v2\/media?parent=2979"}],"wp:term":[{"taxonomy":"category","embeddable":true,"href":"https:\/\/cetm-madrid.es\/web\/wp-json\/wp\/v2\/categories?post=2979"},{"taxonomy":"post_tag","embeddable":true,"href":"https:\/\/cetm-madrid.es\/web\/wp-json\/wp\/v2\/tags?post=2979"}],"curies":[{"name":"wp","href":"https:\/\/api.w.org\/{rel}","templated":true}]}}