{"id":13743,"date":"2023-11-20T20:08:31","date_gmt":"2023-11-20T20:08:31","guid":{"rendered":"https:\/\/cetm-madrid.es\/web\/?p=13743"},"modified":"2023-11-20T20:16:11","modified_gmt":"2023-11-20T20:16:11","slug":"la-cetm-felicita-a-oscar-puente-nuevo-ministro-de-transportes-y-solicita-una-reunion-lo-antes-posible","status":"publish","type":"post","link":"https:\/\/cetm-madrid.es\/web\/la-cetm-felicita-a-oscar-puente-nuevo-ministro-de-transportes-y-solicita-una-reunion-lo-antes-posible\/","title":{"rendered":"La CETM felicita a \u00d3scar Puente, nuevo ministro de Transportes, y solicita una reuni\u00f3n lo antes posible"},"content":{"rendered":"<p>[et_pb_section fb_built=&#8221;1&#8243; admin_label=&#8221;section&#8221; _builder_version=&#8221;3.22&#8243; global_colors_info=&#8221;{}&#8221;][et_pb_row column_structure=&#8221;2_3,1_3&#8243; admin_label=&#8221;row&#8221; _builder_version=&#8221;3.25&#8243; background_size=&#8221;initial&#8221; background_position=&#8221;top_left&#8221; background_repeat=&#8221;repeat&#8221; global_colors_info=&#8221;{}&#8221;][et_pb_column type=&#8221;2_3&#8243; _builder_version=&#8221;3.25&#8243; custom_padding=&#8221;|||&#8221; global_colors_info=&#8221;{}&#8221; custom_padding__hover=&#8221;|||&#8221;][et_pb_text admin_label=&#8221;Texto&#8221; _builder_version=&#8221;4.14.4&#8243; background_size=&#8221;initial&#8221; background_position=&#8221;top_left&#8221; background_repeat=&#8221;repeat&#8221; text_orientation=&#8221;justified&#8221; hover_enabled=&#8221;0&#8243; use_border_color=&#8221;off&#8221; border_color=&#8221;#ffffff&#8221; border_style=&#8221;solid&#8221; global_colors_info=&#8221;{}&#8221; sticky_enabled=&#8221;0&#8243;]<\/p>\n<p>Tras conocerse que \u00d3scar Puente ser\u00e1 el nuevo ministro de Transportes, la Confederaci\u00f3n Espa\u00f1ola de Transporte de Mercanc\u00edas (CETM) quiere trasladarle la enhorabuena por su nombramiento.<\/p>\n<p>Confiamos en la voluntad del nuevo ministro para continuar con la l\u00ednea de trabajo que el MITMA ha iniciado en la \u00faltima legislatura y<strong> le emplazamos a mantener una reuni\u00f3n lo antes posible.<\/strong><\/p>\n<p>En este sentido, a\u00fan <strong>quedan por resolver cuestiones fundamentales<\/strong> como la mejora de la Ley de la Cadena del Transporte, la necesidad de parkings seguros y vigilados, la puesta en marcha del Plan Reconduce para atraer j\u00f3venes a la profesi\u00f3n, la modificaci\u00f3n de la normativa de masas y dimensiones o la ampliaci\u00f3n de la bonificaci\u00f3n de los carburantes para el sector, entre otros.<\/p>\n<p>El nuevo ministro contar\u00e1 con <strong>la voluntad de la CETM para dialogar y negociar nuevas medidas y herramientas<\/strong> que contribuyan a que las empresas y aut\u00f3nomos del transporte de mercanc\u00edas por carretera puedan continuar con su actividad y garantizar el abastecimiento de la poblaci\u00f3n y el bienestar de la econom\u00eda espa\u00f1ola.<\/p>\n<p>[\/et_pb_text][\/et_pb_column][et_pb_column type=&#8221;1_3&#8243; _builder_version=&#8221;3.25&#8243; custom_padding=&#8221;|||&#8221; global_colors_info=&#8221;{}&#8221; custom_padding__hover=&#8221;|||&#8221;][et_pb_image src=&#8221;https:\/\/cetm-madrid.es\/web\/wp-content\/uploads\/2023\/10\/Dise\u00f1o-sin-t\u00edtulo-7.jpg&#8221; title_text=&#8221;Dise\u00f1o sin t\u00edtulo (7)&#8221; align_tablet=&#8221;center&#8221; align_phone=&#8221;center&#8221; align_last_edited=&#8221;on|desktop&#8221; admin_label=&#8221;Imagen&#8221; _builder_version=&#8221;4.14.4&#8243; animation_style=&#8221;slide&#8221; animation_direction=&#8221;left&#8221; animation_duration=&#8221;500ms&#8221; animation_intensity_slide=&#8221;10%&#8221; use_border_color=&#8221;off&#8221; border_color=&#8221;#ffffff&#8221; border_style=&#8221;solid&#8221; animation=&#8221;left&#8221; sticky=&#8221;off&#8221; always_center_on_mobile=&#8221;on&#8221; global_colors_info=&#8221;{}&#8221;][\/et_pb_image][\/et_pb_column][\/et_pb_row][\/et_pb_section]<\/p>\n","protected":false},"excerpt":{"rendered":"<p>Tras conocerse que \u00d3scar Puente ser\u00e1 el nuevo ministro de Transportes, la Confederaci\u00f3n Espa\u00f1ola de Transporte de Mercanc\u00edas (CETM) quiere trasladarle la enhorabuena por su nombramiento. Confiamos en la voluntad del nuevo ministro para continuar con la l\u00ednea de trabajo que el MITMA ha iniciado en la \u00faltima legislatura y le emplazamos a mantener una [&hellip;]<\/p>\n","protected":false},"author":1,"featured_media":13583,"comment_status":"closed","ping_status":"open","sticky":false,"template":"","format":"standard","meta":{"_et_pb_use_builder":"on","_et_pb_old_content":"","_et_gb_content_width":"","footnotes":""},"categories":[5,4],"tags":[],"class_list":["post-13743","post","type-post","status-publish","format-standard","has-post-thumbnail","hentry","category-general","category-organizacion"],"_links":{"self":[{"href":"https:\/\/cetm-madrid.es\/web\/wp-json\/wp\/v2\/posts\/13743","targetHints":{"allow":["GET"]}}],"collection":[{"href":"https:\/\/cetm-madrid.es\/web\/wp-json\/wp\/v2\/posts"}],"about":[{"href":"https:\/\/cetm-madrid.es\/web\/wp-json\/wp\/v2\/types\/post"}],"author":[{"embeddable":true,"href":"https:\/\/cetm-madrid.es\/web\/wp-json\/wp\/v2\/users\/1"}],"replies":[{"embeddable":true,"href":"https:\/\/cetm-madrid.es\/web\/wp-json\/wp\/v2\/comments?post=13743"}],"version-history":[{"count":4,"href":"https:\/\/cetm-madrid.es\/web\/wp-json\/wp\/v2\/posts\/13743\/revisions"}],"predecessor-version":[{"id":13748,"href":"https:\/\/cetm-madrid.es\/web\/wp-json\/wp\/v2\/posts\/13743\/revisions\/13748"}],"wp:featuredmedia":[{"embeddable":true,"href":"https:\/\/cetm-madrid.es\/web\/wp-json\/wp\/v2\/media\/13583"}],"wp:attachment":[{"href":"https:\/\/cetm-madrid.es\/web\/wp-json\/wp\/v2\/media?parent=13743"}],"wp:term":[{"taxonomy":"category","embeddable":true,"href":"https:\/\/cetm-madrid.es\/web\/wp-json\/wp\/v2\/categories?post=13743"},{"taxonomy":"post_tag","embeddable":true,"href":"https:\/\/cetm-madrid.es\/web\/wp-json\/wp\/v2\/tags?post=13743"}],"curies":[{"name":"wp","href":"https:\/\/api.w.org\/{rel}","templated":true}]}}