{"id":12641,"date":"2023-03-27T19:10:19","date_gmt":"2023-03-27T19:10:19","guid":{"rendered":"https:\/\/cetm-madrid.es\/web\/?p=12641"},"modified":"2023-03-27T19:10:24","modified_gmt":"2023-03-27T19:10:24","slug":"cetm-te-invita-a-pickpack-2023","status":"publish","type":"post","link":"https:\/\/cetm-madrid.es\/web\/cetm-te-invita-a-pickpack-2023\/","title":{"rendered":"CETM te invita a Pick&#038;Pack 2023"},"content":{"rendered":"<p>[et_pb_section fb_built=&#8221;1&#8243; admin_label=&#8221;section&#8221; _builder_version=&#8221;3.22&#8243; global_colors_info=&#8221;{}&#8221; theme_builder_area=&#8221;post_content&#8221;][et_pb_row admin_label=&#8221;row&#8221; _builder_version=&#8221;3.25&#8243; background_size=&#8221;initial&#8221; background_position=&#8221;top_left&#8221; background_repeat=&#8221;repeat&#8221; global_colors_info=&#8221;{}&#8221; column_structure=&#8221;2_3,1_3&#8243; theme_builder_area=&#8221;post_content&#8221;][et_pb_column type=&#8221;2_3&#8243; _builder_version=&#8221;3.25&#8243; custom_padding=&#8221;|||&#8221; global_colors_info=&#8221;{}&#8221; custom_padding__hover=&#8221;|||&#8221; theme_builder_area=&#8221;post_content&#8221;][et_pb_text admin_label=&#8221;Texto&#8221; _builder_version=&#8221;4.14.4&#8243; background_size=&#8221;initial&#8221; background_position=&#8221;top_left&#8221; background_repeat=&#8221;repeat&#8221; text_orientation=&#8221;justified&#8221; hover_enabled=&#8221;0&#8243; use_border_color=&#8221;off&#8221; border_color=&#8221;#ffffff&#8221; border_style=&#8221;solid&#8221; global_colors_info=&#8221;{}&#8221; theme_builder_area=&#8221;post_content&#8221; sticky_enabled=&#8221;0&#8243;]<\/p>\n<p>Como colaborador de PICK&amp;PACK 2023, es un placer invitarte a PICK&amp;PACK, el mayor encuentro de innovaci\u00f3n en Packaging y Log\u00edstica, que <strong>se celebra del 25 al 27 de abril de 2023<\/strong> en IFEMA Madrid.<\/p>\n<p>Durante tres d\u00edas, <strong>m\u00e1s de 6.000 profesionales se re\u00fanen en PICK&amp;PACK<\/strong> para descubrir las \u00faltimas soluciones y tecnolog\u00edas de la mano de los l\u00edderes y m\u00e1s de 180 firmas expositoras. PICK&amp;PACK 2023 contar\u00e1 con cuatro congresos en paralelo, en los que se avanzar\u00e1n las tendencias en packaging y log\u00edstica que suceder\u00e1n en los pr\u00f3ximos meses y se resolver\u00e1n los desaf\u00edos que tienen por delante los profesionales industriales a causa del contexto incierto actual.<\/p>\n<p>[\/et_pb_text][et_pb_image _builder_version=&#8221;4.14.4&#8243; _module_preset=&#8221;default&#8221; theme_builder_area=&#8221;post_content&#8221; title_text=&#8221;Business&#8221; src=&#8221;https:\/\/cetm-madrid.es\/web\/wp-content\/uploads\/2023\/03\/Business.png&#8221; hover_enabled=&#8221;0&#8243; sticky_enabled=&#8221;0&#8243;][\/et_pb_image][et_pb_text admin_label=&#8221;Texto&#8221; _builder_version=&#8221;4.14.4&#8243; background_size=&#8221;initial&#8221; background_position=&#8221;top_left&#8221; background_repeat=&#8221;repeat&#8221; text_orientation=&#8221;justified&#8221; hover_enabled=&#8221;0&#8243; use_border_color=&#8221;off&#8221; border_color=&#8221;#ffffff&#8221; border_style=&#8221;solid&#8221; global_colors_info=&#8221;{}&#8221; theme_builder_area=&#8221;post_content&#8221; sticky_enabled=&#8221;0&#8243;]<\/p>\n<p>M\u00e1s de <strong>180 expertos en packaging y log\u00edstica<\/strong> de la talla de Alberto Fraile, Iberia EBG Supply Chain Manager en Huawei Technologies; Laura Peregr\u00edn, Head of Packaging en la agencia de marketing VMLY&amp;R, Iv\u00e1n Gonzalo, Head Of Supply Chain en Media Markt Iberia; Miguel Calapez, Iberian Physical Logistics Manager en Nestl\u00e9; Lourdes Brugera, Directora de Log\u00edstica de Consum; Raul Cruz, Business -Strategy Officer en Visyon-Grupo Mediapro; Mar\u00eda Leiva, SWE Sustainability &amp; Agro Impact Manager en PepsiCo; o Estefan\u00eda Iglesias, Directora de Sostenibilidad en CAPSA Food, ser\u00e1n algunos de los protagonistas de los Congresos de Pick&amp;Pack 2023 a fin de trazar la hoja de ruta de los sectores hacia un modelo m\u00e1s innovador, digital y sostenible.<\/p>\n<p>Compartir\u00e1n las \u00faltimas innovaciones digitales en packaging y log\u00edstica, las nuevas tecnolog\u00edas en automatizaci\u00f3n y rob\u00f3tica log\u00edstica, las tendencias en packaging sostenible y envases inclusivos y las nuevas capacidades de suministro.<\/p>\n<p>PICKPACK 2023 se convierte en una cita indispensable para cualquier empresa que quiera <strong>impulsar su negocio de packaging o log\u00edstica<\/strong> a una nueva dimensi\u00f3n.<\/p>\n<p>Gracias al acuerdo de colaboraci\u00f3n entre la Confederaci\u00f3n Espa\u00f1ola de Transporte de Mercanc\u00edas (CETM) y PICK&amp;PACK 2023, <strong>te ofrecemos una invitaci\u00f3n BUSINESS PASS gratuita<\/strong>. Para ello, introduce el c\u00f3digo descuento 5DC25 <a href=\"https:\/\/pckcpe.ticketsnebext.com\/pick__pack_2023\/es\/register\/RegisterPage\/visitante\" target=\"_blank\" rel=\"noopener noreferrer\">aqu\u00ed<\/a>, selecciona el pase deseado, haz clic en continuar e introduce tus datos para completar el registro.<\/p>\n<p><strong>\u00a1Nos vemos en PICK&amp;PACK 2023!<\/strong><\/p>\n<p>\u2022 Listado de ponentes del Congreso: <a href=\"https:\/\/www.pickpackexpo.com\/agenda-speakers\/\" target=\"_blank\" rel=\"noopener noreferrer\">https:\/\/www.pickpackexpo.com\/agenda-speakers\/<\/a><\/p>\n<p>\u2022 Beneficios de cada pase: <a href=\"https:\/\/www.pickpackexpo.com\/visitar\/tickets-y-beneficios\/\" target=\"_blank\" rel=\"noopener noreferrer\">https:\/\/www.pickpackexpo.com\/visitar\/tickets-y-beneficios\/<\/a><\/p>\n<p>[\/et_pb_text][\/et_pb_column][et_pb_column type=&#8221;1_3&#8243; _builder_version=&#8221;3.25&#8243; custom_padding=&#8221;|||&#8221; global_colors_info=&#8221;{}&#8221; custom_padding__hover=&#8221;|||&#8221; theme_builder_area=&#8221;post_content&#8221;][et_pb_button _builder_version=&#8221;4.14.4&#8243; _module_preset=&#8221;default&#8221; theme_builder_area=&#8221;post_content&#8221; button_text=&#8221;PDF&#8221; hover_enabled=&#8221;0&#8243; sticky_enabled=&#8221;0&#8243; button_url=&#8221;https:\/\/cetm-madrid.es\/web\/wp-content\/uploads\/2023\/03\/Business.html&#8221; url_new_window=&#8221;on&#8221;][\/et_pb_button][\/et_pb_column][\/et_pb_row][\/et_pb_section]<\/p>\n","protected":false},"excerpt":{"rendered":"<p>Como colaborador de PICK&amp;PACK 2023, es un placer invitarte a PICK&amp;PACK, el mayor encuentro de innovaci\u00f3n en Packaging y Log\u00edstica, que se celebra del 25 al 27 de abril de 2023 en IFEMA Madrid. Durante tres d\u00edas, m\u00e1s de 6.000 profesionales se re\u00fanen en PICK&amp;PACK para descubrir las \u00faltimas soluciones y tecnolog\u00edas de la mano [&hellip;]<\/p>\n","protected":false},"author":1,"featured_media":12646,"comment_status":"closed","ping_status":"open","sticky":false,"template":"","format":"standard","meta":{"_et_pb_use_builder":"on","_et_pb_old_content":"","_et_gb_content_width":"","footnotes":""},"categories":[5,4],"tags":[],"class_list":["post-12641","post","type-post","status-publish","format-standard","has-post-thumbnail","hentry","category-general","category-organizacion"],"_links":{"self":[{"href":"https:\/\/cetm-madrid.es\/web\/wp-json\/wp\/v2\/posts\/12641","targetHints":{"allow":["GET"]}}],"collection":[{"href":"https:\/\/cetm-madrid.es\/web\/wp-json\/wp\/v2\/posts"}],"about":[{"href":"https:\/\/cetm-madrid.es\/web\/wp-json\/wp\/v2\/types\/post"}],"author":[{"embeddable":true,"href":"https:\/\/cetm-madrid.es\/web\/wp-json\/wp\/v2\/users\/1"}],"replies":[{"embeddable":true,"href":"https:\/\/cetm-madrid.es\/web\/wp-json\/wp\/v2\/comments?post=12641"}],"version-history":[{"count":2,"href":"https:\/\/cetm-madrid.es\/web\/wp-json\/wp\/v2\/posts\/12641\/revisions"}],"predecessor-version":[{"id":12647,"href":"https:\/\/cetm-madrid.es\/web\/wp-json\/wp\/v2\/posts\/12641\/revisions\/12647"}],"wp:featuredmedia":[{"embeddable":true,"href":"https:\/\/cetm-madrid.es\/web\/wp-json\/wp\/v2\/media\/12646"}],"wp:attachment":[{"href":"https:\/\/cetm-madrid.es\/web\/wp-json\/wp\/v2\/media?parent=12641"}],"wp:term":[{"taxonomy":"category","embeddable":true,"href":"https:\/\/cetm-madrid.es\/web\/wp-json\/wp\/v2\/categories?post=12641"},{"taxonomy":"post_tag","embeddable":true,"href":"https:\/\/cetm-madrid.es\/web\/wp-json\/wp\/v2\/tags?post=12641"}],"curies":[{"name":"wp","href":"https:\/\/api.w.org\/{rel}","templated":true}]}}