{"id":12555,"date":"2023-03-14T19:17:18","date_gmt":"2023-03-14T19:17:18","guid":{"rendered":"https:\/\/cetm-madrid.es\/web\/?p=12555"},"modified":"2023-03-14T19:19:57","modified_gmt":"2023-03-14T19:19:57","slug":"nueva-jornada-de-huelga-general-en-francia-el-miercoles-15-de-marzo","status":"publish","type":"post","link":"https:\/\/cetm-madrid.es\/web\/nueva-jornada-de-huelga-general-en-francia-el-miercoles-15-de-marzo\/","title":{"rendered":"Nueva jornada de huelga general en Francia el mi\u00e9rcoles 15 de marzo"},"content":{"rendered":"<p>[et_pb_section fb_built=&#8221;1&#8243; admin_label=&#8221;section&#8221; _builder_version=&#8221;3.22&#8243; global_colors_info=&#8221;{}&#8221;][et_pb_row column_structure=&#8221;2_3,1_3&#8243; admin_label=&#8221;row&#8221; _builder_version=&#8221;3.25&#8243; background_size=&#8221;initial&#8221; background_position=&#8221;top_left&#8221; background_repeat=&#8221;repeat&#8221; global_colors_info=&#8221;{}&#8221;][et_pb_column type=&#8221;2_3&#8243; _builder_version=&#8221;3.25&#8243; custom_padding=&#8221;|||&#8221; global_colors_info=&#8221;{}&#8221; custom_padding__hover=&#8221;|||&#8221;][et_pb_text admin_label=&#8221;Texto&#8221; _builder_version=&#8221;4.14.4&#8243; background_size=&#8221;initial&#8221; background_position=&#8221;top_left&#8221; background_repeat=&#8221;repeat&#8221; text_orientation=&#8221;justified&#8221; use_border_color=&#8221;off&#8221; border_color=&#8221;#ffffff&#8221; border_style=&#8221;solid&#8221; global_colors_info=&#8221;{}&#8221;]<\/p>\n<p>Los sindicatos franceses han convocado una nueva jornada de huelga general el pr\u00f3ximo mi\u00e9rcoles 15 de marzo. Habr\u00e1 paros en el transporte p\u00fablico y en el transporte por carretera el sindicato mayoritario, CFDT FGTE, ha hecho un llamamiento a la movilizaci\u00f3n, as\u00ed como el sindicado SUD-SOLIDAIRES Transport Routiers, que emplaza a sus afiliados a <strong>continuar con el movimiento de huelga durante toda la semana.<\/strong><\/p>\n<p>Ante esta convocatoria, se esperan <strong>nuevos bloqueos en los principales centros log\u00edsticos y carreteras<\/strong>, as\u00ed como la puesta en marcha de la denominada \u2018Operaci\u00f3n caracol\u2019, que consiste en ralentizar el tr\u00e1fico circulando a velocidades m\u00ednimas.<\/p>\n<p>Por otra parte, hay que destacar que algunas refiner\u00edas como la de TotalEnergies en Donges permanecer\u00e1 en huelga desde el lunes 13 hasta jueves 16 de marzo, por lo que aconsejamos <strong>repostar antes de cruzar la frontera<\/strong> para evitar contratiempos. Si bien, los sindicatos aseguran que no hay riesgo de desabastecimiento.<\/p>\n<p>En cuanto a los puertos, los sindicatos intentar\u00e1n llevar a cabo la \u2018Operaci\u00f3n Mort\u2019 los d\u00edas 14, 15 y 16 de marzo. El objetivo es <strong>bloquear los puertos y que no haya actividad.<\/strong><\/p>\n<p>Como viene siendo habitual, desde la CETM recomendamos a las empresas de transporte y sus profesionales que tengan en cuenta esta informaci\u00f3n a la hora de planificar sus rutas. Enlaces de inter\u00e9s:<\/p>\n<p>\u2022 Mapa de movilizaciones: <a href=\"https:\/\/www.cfdt.fr\/portail\/actualites\/reforme-desretraites\/reforme-des-retraites-trouvez-le-point-de-mobilisation-le-plusproche-de-chez-vous-srv1_1270701\" target=\"_blank\" rel=\"noopener noreferrer\">https:\/\/www.cfdt.fr\/portail\/actualites\/reforme-desretraites\/reforme-des-retraites-trouvez-le-point-de-mobilisation-le-plusproche-de-chez-vous-srv1_1270701<\/a><\/p>\n<p>\u2022 Informaci\u00f3n del tr\u00e1fico en tiempo real: <a href=\"https:\/\/www.bisonfute.gouv.fr\/maintenant.htm\" target=\"_blank\" rel=\"noopener noreferrer\">https:\/\/www.bisonfute.gouv.fr\/maintenant.htm<\/a><\/p>\n<p>[\/et_pb_text][\/et_pb_column][et_pb_column type=&#8221;1_3&#8243; _builder_version=&#8221;3.25&#8243; custom_padding=&#8221;|||&#8221; global_colors_info=&#8221;{}&#8221; custom_padding__hover=&#8221;|||&#8221;][et_pb_image src=&#8221;https:\/\/cetm-madrid.es\/web\/wp-content\/uploads\/2023\/03\/Dise\u00f1o-sin-t\u00edtulo-56.png&#8221; title_text=&#8221;Dise\u00f1o sin t\u00edtulo (56)&#8221; align_tablet=&#8221;center&#8221; align_phone=&#8221;center&#8221; align_last_edited=&#8221;on|desktop&#8221; admin_label=&#8221;Imagen&#8221; _builder_version=&#8221;4.14.4&#8243; animation_style=&#8221;slide&#8221; animation_direction=&#8221;left&#8221; animation_duration=&#8221;500ms&#8221; animation_intensity_slide=&#8221;10%&#8221; hover_enabled=&#8221;0&#8243; use_border_color=&#8221;off&#8221; border_color=&#8221;#ffffff&#8221; border_style=&#8221;solid&#8221; animation=&#8221;left&#8221; sticky=&#8221;off&#8221; always_center_on_mobile=&#8221;on&#8221; global_colors_info=&#8221;{}&#8221; sticky_enabled=&#8221;0&#8243;][\/et_pb_image][\/et_pb_column][\/et_pb_row][\/et_pb_section]<\/p>\n","protected":false},"excerpt":{"rendered":"<p>Los sindicatos franceses han convocado una nueva jornada de huelga general el pr\u00f3ximo mi\u00e9rcoles 15 de marzo. Habr\u00e1 paros en el transporte p\u00fablico y en el transporte por carretera el sindicato mayoritario, CFDT FGTE, ha hecho un llamamiento a la movilizaci\u00f3n, as\u00ed como el sindicado SUD-SOLIDAIRES Transport Routiers, que emplaza a sus afiliados a continuar [&hellip;]<\/p>\n","protected":false},"author":1,"featured_media":12559,"comment_status":"closed","ping_status":"open","sticky":false,"template":"","format":"standard","meta":{"_et_pb_use_builder":"on","_et_pb_old_content":"","_et_gb_content_width":"","footnotes":""},"categories":[5,4],"tags":[],"class_list":["post-12555","post","type-post","status-publish","format-standard","has-post-thumbnail","hentry","category-general","category-organizacion"],"_links":{"self":[{"href":"https:\/\/cetm-madrid.es\/web\/wp-json\/wp\/v2\/posts\/12555","targetHints":{"allow":["GET"]}}],"collection":[{"href":"https:\/\/cetm-madrid.es\/web\/wp-json\/wp\/v2\/posts"}],"about":[{"href":"https:\/\/cetm-madrid.es\/web\/wp-json\/wp\/v2\/types\/post"}],"author":[{"embeddable":true,"href":"https:\/\/cetm-madrid.es\/web\/wp-json\/wp\/v2\/users\/1"}],"replies":[{"embeddable":true,"href":"https:\/\/cetm-madrid.es\/web\/wp-json\/wp\/v2\/comments?post=12555"}],"version-history":[{"count":3,"href":"https:\/\/cetm-madrid.es\/web\/wp-json\/wp\/v2\/posts\/12555\/revisions"}],"predecessor-version":[{"id":12561,"href":"https:\/\/cetm-madrid.es\/web\/wp-json\/wp\/v2\/posts\/12555\/revisions\/12561"}],"wp:featuredmedia":[{"embeddable":true,"href":"https:\/\/cetm-madrid.es\/web\/wp-json\/wp\/v2\/media\/12559"}],"wp:attachment":[{"href":"https:\/\/cetm-madrid.es\/web\/wp-json\/wp\/v2\/media?parent=12555"}],"wp:term":[{"taxonomy":"category","embeddable":true,"href":"https:\/\/cetm-madrid.es\/web\/wp-json\/wp\/v2\/categories?post=12555"},{"taxonomy":"post_tag","embeddable":true,"href":"https:\/\/cetm-madrid.es\/web\/wp-json\/wp\/v2\/tags?post=12555"}],"curies":[{"name":"wp","href":"https:\/\/api.w.org\/{rel}","templated":true}]}}