{"id":11761,"date":"2022-11-11T12:05:03","date_gmt":"2022-11-11T12:05:03","guid":{"rendered":"https:\/\/cetm-madrid.es\/web\/?p=11761"},"modified":"2022-11-12T12:12:10","modified_gmt":"2022-11-12T12:12:10","slug":"campana-de-la-cetm-ante-la-convocatoria-de-paro-el-dialogo-es-el-mejor-camino-para-el-cambio","status":"publish","type":"post","link":"https:\/\/cetm-madrid.es\/web\/campana-de-la-cetm-ante-la-convocatoria-de-paro-el-dialogo-es-el-mejor-camino-para-el-cambio\/","title":{"rendered":"Campa\u00f1a de la CETM ante la convocatoria de paro: \u2018El di\u00e1logo es el mejor camino para el cambio\u2019"},"content":{"rendered":"<p>[et_pb_section fb_built=&#8221;1&#8243; admin_label=&#8221;section&#8221; _builder_version=&#8221;3.22&#8243; global_colors_info=&#8221;{}&#8221;][et_pb_row column_structure=&#8221;2_3,1_3&#8243; admin_label=&#8221;row&#8221; _builder_version=&#8221;3.25&#8243; background_size=&#8221;initial&#8221; background_position=&#8221;top_left&#8221; background_repeat=&#8221;repeat&#8221; global_colors_info=&#8221;{}&#8221;][et_pb_column type=&#8221;2_3&#8243; _builder_version=&#8221;3.25&#8243; custom_padding=&#8221;|||&#8221; global_colors_info=&#8221;{}&#8221; custom_padding__hover=&#8221;|||&#8221;][et_pb_text admin_label=&#8221;Texto&#8221; _builder_version=&#8221;4.14.4&#8243; background_size=&#8221;initial&#8221; background_position=&#8221;top_left&#8221; background_repeat=&#8221;repeat&#8221; text_orientation=&#8221;justified&#8221; use_border_color=&#8221;off&#8221; border_color=&#8221;#ffffff&#8221; border_style=&#8221;solid&#8221; global_colors_info=&#8221;{}&#8221;]<\/p>\n<p>En la Confederaci\u00f3n Espa\u00f1ola de Transporte de Mercanc\u00edas (CETM) hemos creado dos im\u00e1genes bajo el lema <strong>\u2018El di\u00e1logo es el mejor camino para el cambio\u2019<\/strong> para que las pod\u00e1is compartir en redes sociales con los hashtags<strong> #EnMarchaPorElTransporte #YoNoParo<\/strong>, a trav\u00e9s de los canales de vuestras asociaciones y empresas, as\u00ed como en\u00a0 vuestros perfiles personales, <strong>con el objetivo de reforzar nuestra postura ante la convocatoria de paro.<\/strong><\/p>\n<p>Los acuerdos alcanzados entre el Ministerio de Transportes, Movilidad y Agenda Urbana y el Comit\u00e9 Nacional del Transporte por Carretera, del que forma parte la CETM,\u00a0 han dado sus frutos y <strong>hemos alcanzado medidas que suponen un antes y un despu\u00e9s en el sector.<\/strong><\/p>\n<p>Con estas im\u00e1genes queremos recordar que mediante el di\u00e1logo y la negociaci\u00f3n hemos conseguido cambios notables y <strong>ese es el camino que hemos escogido para\u00a0 seguir trabajando y construir un futuro mejor<\/strong> para el transporte de mercanc\u00edas por carretera.<\/p>\n<p>Desde la CETM os animamos a que compart\u00e1is este material durante estos d\u00edas previos a la convocatoria para hacer saber tanto a la sociedad como a los medios de comunicaci\u00f3n que la mayor\u00eda no est\u00e1 de acuerdo con el paro y quiere ejercer su derecho al trabajo.<\/p>\n<p>Adem\u00e1s de publicarlas en redes sociales, <strong>pod\u00e9is compartirlas con vuestros asociados a trav\u00e9s de grupos de WhatsApp<\/strong> y os animamos a constituirlos en caso de que no\u00a0 los teng\u00e1is. Cuantas m\u00e1s veces las difundamos, <strong>mayor posibilidad tenemos de que nuestro mensaje llegue a todo el mundo.<\/strong><\/p>\n<p>Esperamos que os gusten y que juntos logremos superar las dificultades.<\/p>\n<p>[\/et_pb_text][et_pb_image src=&#8221;https:\/\/cetm-madrid.es\/web\/wp-content\/uploads\/2022\/11\/el_camino_para_el_cambio.png&#8221; title_text=&#8221;el_camino_para_el_cambio&#8221; align=&#8221;center&#8221; _builder_version=&#8221;4.14.4&#8243; _module_preset=&#8221;default&#8221; global_colors_info=&#8221;{}&#8221;][\/et_pb_image][et_pb_image src=&#8221;https:\/\/cetm-madrid.es\/web\/wp-content\/uploads\/2022\/11\/medidas_alcanzadas_cntc.png&#8221; title_text=&#8221;medidas_alcanzadas_cntc&#8221; align=&#8221;center&#8221; _builder_version=&#8221;4.14.4&#8243; _module_preset=&#8221;default&#8221; global_colors_info=&#8221;{}&#8221;][\/et_pb_image][\/et_pb_column][et_pb_column type=&#8221;1_3&#8243; _builder_version=&#8221;3.25&#8243; custom_padding=&#8221;|||&#8221; global_colors_info=&#8221;{}&#8221; custom_padding__hover=&#8221;|||&#8221;][\/et_pb_column][\/et_pb_row][\/et_pb_section]<\/p>\n","protected":false},"excerpt":{"rendered":"<p>En la Confederaci\u00f3n Espa\u00f1ola de Transporte de Mercanc\u00edas (CETM) hemos creado dos im\u00e1genes bajo el lema \u2018El di\u00e1logo es el mejor camino para el cambio\u2019 para que las pod\u00e1is compartir en redes sociales con los hashtags #EnMarchaPorElTransporte #YoNoParo, a trav\u00e9s de los canales de vuestras asociaciones y empresas, as\u00ed como en\u00a0 vuestros perfiles personales, con [&hellip;]<\/p>\n","protected":false},"author":1,"featured_media":11764,"comment_status":"closed","ping_status":"open","sticky":false,"template":"","format":"standard","meta":{"_et_pb_use_builder":"on","_et_pb_old_content":"","_et_gb_content_width":"","footnotes":""},"categories":[5,4],"tags":[],"class_list":["post-11761","post","type-post","status-publish","format-standard","has-post-thumbnail","hentry","category-general","category-organizacion"],"_links":{"self":[{"href":"https:\/\/cetm-madrid.es\/web\/wp-json\/wp\/v2\/posts\/11761","targetHints":{"allow":["GET"]}}],"collection":[{"href":"https:\/\/cetm-madrid.es\/web\/wp-json\/wp\/v2\/posts"}],"about":[{"href":"https:\/\/cetm-madrid.es\/web\/wp-json\/wp\/v2\/types\/post"}],"author":[{"embeddable":true,"href":"https:\/\/cetm-madrid.es\/web\/wp-json\/wp\/v2\/users\/1"}],"replies":[{"embeddable":true,"href":"https:\/\/cetm-madrid.es\/web\/wp-json\/wp\/v2\/comments?post=11761"}],"version-history":[{"count":5,"href":"https:\/\/cetm-madrid.es\/web\/wp-json\/wp\/v2\/posts\/11761\/revisions"}],"predecessor-version":[{"id":11772,"href":"https:\/\/cetm-madrid.es\/web\/wp-json\/wp\/v2\/posts\/11761\/revisions\/11772"}],"wp:featuredmedia":[{"embeddable":true,"href":"https:\/\/cetm-madrid.es\/web\/wp-json\/wp\/v2\/media\/11764"}],"wp:attachment":[{"href":"https:\/\/cetm-madrid.es\/web\/wp-json\/wp\/v2\/media?parent=11761"}],"wp:term":[{"taxonomy":"category","embeddable":true,"href":"https:\/\/cetm-madrid.es\/web\/wp-json\/wp\/v2\/categories?post=11761"},{"taxonomy":"post_tag","embeddable":true,"href":"https:\/\/cetm-madrid.es\/web\/wp-json\/wp\/v2\/tags?post=11761"}],"curies":[{"name":"wp","href":"https:\/\/api.w.org\/{rel}","templated":true}]}}