{"id":10761,"date":"2022-05-06T19:13:37","date_gmt":"2022-05-06T19:13:37","guid":{"rendered":"https:\/\/cetm-madrid.es\/web\/?p=10761"},"modified":"2022-05-06T19:32:54","modified_gmt":"2022-05-06T19:32:54","slug":"la-cetm-inaugura-el-18o-congreso-nacional-de-empresarios-del-transporte-y-constata-la-relevancia-del-sector","status":"publish","type":"post","link":"https:\/\/cetm-madrid.es\/web\/la-cetm-inaugura-el-18o-congreso-nacional-de-empresarios-del-transporte-y-constata-la-relevancia-del-sector\/","title":{"rendered":"La CETM inaugura el 18\u00ba Congreso Nacional de Empresarios del Transporte y constata la relevancia del sector"},"content":{"rendered":"<p>[et_pb_section fb_built=&#8221;1&#8243; admin_label=&#8221;section&#8221; _builder_version=&#8221;3.22&#8243; global_colors_info=&#8221;{}&#8221;][et_pb_row column_structure=&#8221;2_3,1_3&#8243; admin_label=&#8221;row&#8221; _builder_version=&#8221;3.25&#8243; background_size=&#8221;initial&#8221; background_position=&#8221;top_left&#8221; background_repeat=&#8221;repeat&#8221; global_colors_info=&#8221;{}&#8221;][et_pb_column type=&#8221;2_3&#8243; _builder_version=&#8221;3.25&#8243; custom_padding=&#8221;|||&#8221; global_colors_info=&#8221;{}&#8221; custom_padding__hover=&#8221;|||&#8221;][et_pb_image src=&#8221;https:\/\/cetm-madrid.es\/web\/wp-content\/uploads\/2022\/05\/inauguracion.png&#8221; title_text=&#8221;inauguracion&#8221; _builder_version=&#8221;4.14.4&#8243; _module_preset=&#8221;default&#8221; global_colors_info=&#8221;{}&#8221;][\/et_pb_image][et_pb_text admin_label=&#8221;Texto&#8221; _builder_version=&#8221;4.14.4&#8243; background_size=&#8221;initial&#8221; background_position=&#8221;top_left&#8221; background_repeat=&#8221;repeat&#8221; text_orientation=&#8221;justified&#8221; use_border_color=&#8221;off&#8221; border_color=&#8221;#ffffff&#8221; border_style=&#8221;solid&#8221; global_colors_info=&#8221;{}&#8221;]<\/p>\n<p>El 18\u00ba Congreso Nacional de Empresarios de Transporte ha seguido su curso durante la tarde del jueves con la presencia de m\u00e1s de 650 empresarios del transporte y la<br \/>log\u00edstica.<\/p>\n<p>La primera sesi\u00f3n ha corrido a cargo de <strong>Celia G\u00f3mez<\/strong>, responsable de Desarrollo de Negocio de Solred, que ha explicado c\u00f3mo hacen m\u00e1s f\u00e1cil el d\u00eda a d\u00eda de sus clientes apostando por procesos m\u00e1s eficientes y servicios como Waylet o Solred directo\u00a0<\/p>\n<p>Despu\u00e9s, ha sido el turno de <strong>Karlos Mart\u00ednez<\/strong>, director comercial para Espa\u00f1a y Portugal de Lecitrailer, que ha presentado el sistema multimodal P400 Multi-x3 del fabricante de remolques y semirremolques.<\/p>\n<p>El broche final lo han puesto el presidente de la Federaci\u00f3n Provincial de Transporte de Alicante (FETRAMA), Juan Jos\u00e9 Hern\u00e1ndez, la vicealcaldesa de Alicante, M\u00aa<br \/>Carmen S\u00e1nchez, y el presidente de la Confederaci\u00f3n, Ovidio de la Roza, que <strong>han dado un discurso para inaugurar el evento<\/strong> y dar una calurosa bienvenida a todos los congresistas.<\/p>\n<p>Juan Jos\u00e9 Hern\u00e1ndez ha agradecido al Comit\u00e9 Ejecutivo de CETM la elecci\u00f3n de Alicante como el lugar escogido para la celebraci\u00f3n de este evento y ha tenido un recuerdo especial para todas las personas y familiares afectados por el Covid-19. El presidente de FETRAMA ha hecho <strong>un llamamiento a las Administraciones para que valoren al sector \u201ccomo se merece\u201d<\/strong> y ha recalcado que el transporte de mercanc\u00edas es un sector imprescindible. \u201cEspero que podamos compartir y deliberar cual va a ser el futuro de nuestro sector\u201d, ha se\u00f1alado.<\/p>\n<p>Por su parte, Ovidio de la Roza, ha dado la bienvenida a los asistentes y ha agradecido la colaboraci\u00f3n del Ayuntamiento de Alicante y el trabajo realizado por FETRAMA para la que la celebraci\u00f3n de este evento haya sido posible. El presidente de la CETM ha recordado la situaci\u00f3n tan dif\u00edcil que hemos vivido durante la pandemia, pero <strong>se ha mostrado confiado en recuperar \u201cpoco a poco\u201d la normalidad.<\/strong><\/p>\n<p>Por \u00faltimo, la vicealcaldesa de Alicante, M\u00aa Carmen S\u00e1nchez, ha dado la bienvenida a los asistentes el 18\u00ba Congreso de la CETM y ha destacado que el transporte de<br \/>mercanc\u00edas es un sector estrat\u00e9gico. \u201cMe emociona recibiros hoy en nuestra ciudad y comprobar que poco a poco recuperamos la normalidad\u201d, ha subrayado.<\/p>\n<p>S\u00e1nchez ha incidido en la relevancia del transporte de mercanc\u00edas por carretera como<strong> \u201cmotor de la economia y agente esencial en la recuperaci\u00f3n\u201d.<\/strong><\/p>\n<p>La vicealcaldesa no se ha olvidado de que durante la pandemia el pa\u00eds no se par\u00f3 gracias a los transportistas. \u201cEstaremos siempre en deuda con vosotros\u201d, ha insistido.<br \/>Para finalizar ha agradecido a FETRAMA la labor que realiza en la provincia as\u00ed como a todos congresistas que se han desplazado hasta Alicante para acudir al evento.<\/p>\n<p>En su intervenci\u00f3n, De la Roza ha puesto de manifiesto que el Congreso de la CETM se ha convertido en \u201cel evento de referencia y de mayor prestigio en el sector del<br \/>transporte de mercanc\u00edas\u201d, destacando su servicio como punto de encuentro en el que se actualizar\u00e1n conocimientos, se intercambiar\u00e1n diferentes puntos de vista y<br \/><strong>surgir\u00e1n nuevas iniciativas \u201cpara encarar con \u00e9xito los complicados retos\u201d<\/strong> que tiene por delante el transporte.<\/p>\n<p>Adem\u00e1s, ha asegurado que la Confederaci\u00f3n <strong>seguir\u00e1 trabajando para defender los intereses de sus asociados<\/strong> y los intereses generales del sector y ha resaltado \u201cel papel insustituible\u201d del transporte de mercanc\u00edas como motor de la econom\u00eda.<\/p>\n<p>Como colof\u00f3n, el d\u00eda finalizar\u00e1 con un c\u00f3ctel cena en el ADDA.<\/p>\n<p>[\/et_pb_text][\/et_pb_column][et_pb_column type=&#8221;1_3&#8243; _builder_version=&#8221;3.25&#8243; custom_padding=&#8221;|||&#8221; global_colors_info=&#8221;{}&#8221; custom_padding__hover=&#8221;|||&#8221;][\/et_pb_column][\/et_pb_row][\/et_pb_section]<\/p>\n","protected":false},"excerpt":{"rendered":"<p>El 18\u00ba Congreso Nacional de Empresarios de Transporte ha seguido su curso durante la tarde del jueves con la presencia de m\u00e1s de 650 empresarios del transporte y lalog\u00edstica. La primera sesi\u00f3n ha corrido a cargo de Celia G\u00f3mez, responsable de Desarrollo de Negocio de Solred, que ha explicado c\u00f3mo hacen m\u00e1s f\u00e1cil el d\u00eda [&hellip;]<\/p>\n","protected":false},"author":1,"featured_media":10764,"comment_status":"closed","ping_status":"open","sticky":false,"template":"","format":"standard","meta":{"_et_pb_use_builder":"on","_et_pb_old_content":"","_et_gb_content_width":"","footnotes":""},"categories":[5,4],"tags":[],"class_list":["post-10761","post","type-post","status-publish","format-standard","has-post-thumbnail","hentry","category-general","category-organizacion"],"_links":{"self":[{"href":"https:\/\/cetm-madrid.es\/web\/wp-json\/wp\/v2\/posts\/10761","targetHints":{"allow":["GET"]}}],"collection":[{"href":"https:\/\/cetm-madrid.es\/web\/wp-json\/wp\/v2\/posts"}],"about":[{"href":"https:\/\/cetm-madrid.es\/web\/wp-json\/wp\/v2\/types\/post"}],"author":[{"embeddable":true,"href":"https:\/\/cetm-madrid.es\/web\/wp-json\/wp\/v2\/users\/1"}],"replies":[{"embeddable":true,"href":"https:\/\/cetm-madrid.es\/web\/wp-json\/wp\/v2\/comments?post=10761"}],"version-history":[{"count":3,"href":"https:\/\/cetm-madrid.es\/web\/wp-json\/wp\/v2\/posts\/10761\/revisions"}],"predecessor-version":[{"id":10772,"href":"https:\/\/cetm-madrid.es\/web\/wp-json\/wp\/v2\/posts\/10761\/revisions\/10772"}],"wp:featuredmedia":[{"embeddable":true,"href":"https:\/\/cetm-madrid.es\/web\/wp-json\/wp\/v2\/media\/10764"}],"wp:attachment":[{"href":"https:\/\/cetm-madrid.es\/web\/wp-json\/wp\/v2\/media?parent=10761"}],"wp:term":[{"taxonomy":"category","embeddable":true,"href":"https:\/\/cetm-madrid.es\/web\/wp-json\/wp\/v2\/categories?post=10761"},{"taxonomy":"post_tag","embeddable":true,"href":"https:\/\/cetm-madrid.es\/web\/wp-json\/wp\/v2\/tags?post=10761"}],"curies":[{"name":"wp","href":"https:\/\/api.w.org\/{rel}","templated":true}]}}