{"id":10382,"date":"2022-03-22T20:26:22","date_gmt":"2022-03-22T20:26:22","guid":{"rendered":"https:\/\/cetm-madrid.es\/web\/?p=10382"},"modified":"2022-03-22T20:26:26","modified_gmt":"2022-03-22T20:26:26","slug":"la-cetm-aboga-por-amortiguar-el-impacto-de-los-precios-haciendo-uso-de-las-ultimas-medidas-aprobadas-y-porque-el-que-quiera-trabajar-pueda-hacerlo-con-libertad-y-seguridad","status":"publish","type":"post","link":"https:\/\/cetm-madrid.es\/web\/la-cetm-aboga-por-amortiguar-el-impacto-de-los-precios-haciendo-uso-de-las-ultimas-medidas-aprobadas-y-porque-el-que-quiera-trabajar-pueda-hacerlo-con-libertad-y-seguridad\/","title":{"rendered":"La CETM aboga por amortiguar el impacto de los precios haciendo uso de las \u00faltimas medidas aprobadas y porque el que quiera trabajar pueda hacerlo con libertad y seguridad"},"content":{"rendered":"<p>[et_pb_section fb_built=&#8221;1&#8243; admin_label=&#8221;section&#8221; _builder_version=&#8221;3.22&#8243; global_colors_info=&#8221;{}&#8221; theme_builder_area=&#8221;post_content&#8221;][et_pb_row admin_label=&#8221;row&#8221; _builder_version=&#8221;3.25&#8243; background_size=&#8221;initial&#8221; background_position=&#8221;top_left&#8221; background_repeat=&#8221;repeat&#8221; global_colors_info=&#8221;{}&#8221; column_structure=&#8221;2_3,1_3&#8243; theme_builder_area=&#8221;post_content&#8221;][et_pb_column type=&#8221;2_3&#8243; _builder_version=&#8221;3.25&#8243; custom_padding=&#8221;|||&#8221; global_colors_info=&#8221;{}&#8221; custom_padding__hover=&#8221;|||&#8221; theme_builder_area=&#8221;post_content&#8221;][et_pb_text admin_label=&#8221;Texto&#8221; _builder_version=&#8221;4.14.4&#8243; background_size=&#8221;initial&#8221; background_position=&#8221;top_left&#8221; background_repeat=&#8221;repeat&#8221; text_orientation=&#8221;justified&#8221; hover_enabled=&#8221;0&#8243; use_border_color=&#8221;off&#8221; border_color=&#8221;#ffffff&#8221; border_style=&#8221;solid&#8221; global_colors_info=&#8221;{}&#8221; theme_builder_area=&#8221;post_content&#8221; sticky_enabled=&#8221;0&#8243;]<\/p>\n<p>La situaci\u00f3n que est\u00e1 viviendo el transporte de mercanc\u00edas por carretera es grave, nuestras empresas son consumidores intensivos del combustible y en la Confederaci\u00f3n Espa\u00f1ola de Transportes de Mercanc\u00edas (CETM) <strong>somos conscientes de que la volatilidad de los precios est\u00e1 poniendo en peligro su supervivencia.<\/strong> Por ello, entendemos que muchas empresas y aut\u00f3nomos no tengan otra opci\u00f3n que la de parar.<\/p>\n<p>Ante esto, el Comit\u00e9 Nacional del Transporte por Carretera (CNTC), del que forma parte la CETM, ha abogado por mantener el di\u00e1logo con el Gobierno para dar respuesta a este momento tan cr\u00edtico y <strong>buscar soluciones que ayuden a amortiguar<\/strong> el impacto de la subida incontrolada de los combustibles en las \u00faltimas semanas.<\/p>\n<p>Ya el pasado mes de diciembre, el CNTC alcanz\u00f3 con el Ministerio de Transportes, Movilidad y Agenda Urbana un acuerdo hist\u00f3rico <strong>para las empresas y profesionales del transporte de mercanc\u00edas.<\/strong> Este acuerdo se ha materializado con la aprobaci\u00f3n del Real Decreto-ley 3\/2022, de 1 de marzo, de medidas para la mejora de la sostenibilidad del transporte de mercanc\u00edas por carretera que, adem\u00e1s, <strong>ha sido validado en el Congreso sin ning\u00fan voto en contra,<\/strong> evidenciando que es un paquete de medidas que sirve para la mejora del sector.<\/p>\n<p>Entre las medidas que se incluyen, <strong>resaltan la prohibici\u00f3n de la carga y\/o descarga<\/strong> por parte de los conductores, la <strong>reducci\u00f3n del tiempo de espera<\/strong> por el que puede pedirse una indemnizaci\u00f3n de dos a una hora o el hecho de que la cl\u00e1usula de revisi\u00f3n del precio del transporte por la variaci\u00f3n del precio del combustible sea obligatoria.<\/p>\n<p>Adem\u00e1s, contamos con el compromiso del MITMA para <strong>no implantar el pago por uso de las autov\u00edas sin contar con el consenso con el sector<\/strong>, para crear aparcamientos seguros, paliar la escasez de conductores, estudiar la reducci\u00f3n de las cotizaciones a la Seguridad Social de los conductores o implementar ayudas para la digitalizaci\u00f3n del transporte, entre otras cuestiones.<\/p>\n<p>Parte de estas medidas forman parte de las reivindicaciones con las que la Plataforma ha convocado el paro, sin explicar a los medios de comunicaci\u00f3n, a las propias empresas del sector o la opini\u00f3n p\u00fablica,<span style=\"text-decoration: underline;\"><strong> que ya se han logrado por parte del CNTC.<\/strong><\/span><\/p>\n<p>Estas medidas, como la cl\u00e1usula de revisi\u00f3n obligatoria del precio del gas\u00f3leo, est\u00e1n concebidas para situaciones normales del mercado, no como este momento tan<br \/>cr\u00edtico que estamos viviendo. Por eso, ante estas nuevas dificultades, hemos seguido trabajando para conseguir <strong>medidas excepcionales<\/strong> que ayuden a superar este<br \/>momento de crisis.\u00a0<\/p>\n<p>Las negociaciones con el Gobierno han sido duras, pero el Comit\u00e9 ha logrado que el MITMA se comprometa <strong>a compensar el incremento del precio de los combustibles con una partida de 500 millones de euros.<\/strong> A pesar de las dificultades y de que el Gobierno no quer\u00eda concretar medidas hasta el pr\u00f3ximo 29 de marzo, ayer se consigui\u00f3 que la fecha para conocer el desglose exacto de esta ayuda <strong>se adelante al viernes 25 de marzo, <span style=\"text-decoration: underline;\">aunque nuestro deseo es que se hubiera hecho p\u00fablico de manera inmediata.<\/span><\/strong> Esta ayuda es una medida coyuntural para este momento concreto de dificultad extrema, que puede repetirse en el tiempo hasta que <strong>los precios del combustible se estabilicen. Una vez que esto se produzca, gracias a los acuerdos logrados por el CNTC, las empresas de transporte cuentan con las herramientas para poder repercutir los costes,<\/strong> tales como la cl\u00e1usula de revisi\u00f3n obligatoria de la variaci\u00f3n del precio del combustible <strong>que ahora se actualizar\u00e1 semanalmente<\/strong>, la <strong>acci\u00f3n directa<\/strong> que reconoce al transportista el derecho a reclamar un porte impagado al cargador principal o la <strong>Ley de morosidad<\/strong> que estableci\u00f3 para el transporte un l\u00edmite m\u00e1ximo legal de pago de 60 d\u00edas.<\/p>\n<p>No hay que olvidar, que tambi\u00e9n se <strong>ha conseguido la devoluci\u00f3n mensual del gas\u00f3leo profesional -que fue otro logro del CNTC-<\/strong> y que ayudar\u00e1 a aliviar la<br \/>tesorer\u00eda de nuestras empresas.<\/p>\n<p>Desde la CETM estamos haciendo todo lo que est\u00e1 en nuestra mano para que las empresas y aut\u00f3nomos del sector puedan salir adelante y s<strong>eguimos abogando por<\/strong><br \/><strong> que el que quiera trabajar pueda hacerlo con normalidad y seguridad.<\/strong><\/p>\n<p>No olvidamos que nuestros transportistas han estado trabajando en lo m\u00e1s duro de la pandemia, logrando que en momentos tan dif\u00edciles no faltara de nada en comercios, farmacias y hospitales. Ahora comprendemos que tambi\u00e9n nos encontramos ante una situaci\u00f3n complicada, pero si hacemos uso tanto de las medidas que se incluyen en el Real Decreto-ley 3\/2022 como de las acordadas este lunes y de las que pronto tendremos el desglose exacto, <strong>podremos superar esta batalla y empujar al resto de sectores de la econom\u00eda y de la sociedad en su conjunto.<\/strong> Es el momento de estar unidos y trabajar para superar las adversidades sin bloquear el camino hacia la\u00a0 recuperaci\u00f3n.<\/p>\n<p>[\/et_pb_text][\/et_pb_column][et_pb_column type=&#8221;1_3&#8243; _builder_version=&#8221;3.25&#8243; custom_padding=&#8221;|||&#8221; global_colors_info=&#8221;{}&#8221; custom_padding__hover=&#8221;|||&#8221; theme_builder_area=&#8221;post_content&#8221;][et_pb_image src=&#8221;https:\/\/cetm-madrid.es\/web\/wp-content\/uploads\/2021\/06\/Dise\u00f1o-sin-t\u00edtulo-14.png&#8221; align_tablet=&#8221;center&#8221; align_last_edited=&#8221;on|desktop&#8221; admin_label=&#8221;Imagen&#8221; _builder_version=&#8221;4.14.4&#8243; animation_style=&#8221;slide&#8221; animation_direction=&#8221;left&#8221; animation_duration=&#8221;500ms&#8221; animation_intensity_slide=&#8221;10%&#8221; hover_enabled=&#8221;0&#8243; use_border_color=&#8221;off&#8221; border_color=&#8221;#ffffff&#8221; border_style=&#8221;solid&#8221; animation=&#8221;left&#8221; sticky=&#8221;off&#8221; always_center_on_mobile=&#8221;on&#8221; global_colors_info=&#8221;{}&#8221; theme_builder_area=&#8221;post_content&#8221; title_text=&#8221;Dise\u00f1o sin t\u00edtulo (14)&#8221; sticky_enabled=&#8221;0&#8243; align_phone=&#8221;center&#8221;][\/et_pb_image][\/et_pb_column][\/et_pb_row][\/et_pb_section]<\/p>\n","protected":false},"excerpt":{"rendered":"<p>La situaci\u00f3n que est\u00e1 viviendo el transporte de mercanc\u00edas por carretera es grave, nuestras empresas son consumidores intensivos del combustible y en la Confederaci\u00f3n Espa\u00f1ola de Transportes de Mercanc\u00edas (CETM) somos conscientes de que la volatilidad de los precios est\u00e1 poniendo en peligro su supervivencia. Por ello, entendemos que muchas empresas y aut\u00f3nomos no tengan [&hellip;]<\/p>\n","protected":false},"author":1,"featured_media":8562,"comment_status":"closed","ping_status":"open","sticky":false,"template":"","format":"standard","meta":{"_et_pb_use_builder":"on","_et_pb_old_content":"","_et_gb_content_width":"","footnotes":""},"categories":[5,4],"tags":[],"class_list":["post-10382","post","type-post","status-publish","format-standard","has-post-thumbnail","hentry","category-general","category-organizacion"],"_links":{"self":[{"href":"https:\/\/cetm-madrid.es\/web\/wp-json\/wp\/v2\/posts\/10382","targetHints":{"allow":["GET"]}}],"collection":[{"href":"https:\/\/cetm-madrid.es\/web\/wp-json\/wp\/v2\/posts"}],"about":[{"href":"https:\/\/cetm-madrid.es\/web\/wp-json\/wp\/v2\/types\/post"}],"author":[{"embeddable":true,"href":"https:\/\/cetm-madrid.es\/web\/wp-json\/wp\/v2\/users\/1"}],"replies":[{"embeddable":true,"href":"https:\/\/cetm-madrid.es\/web\/wp-json\/wp\/v2\/comments?post=10382"}],"version-history":[{"count":2,"href":"https:\/\/cetm-madrid.es\/web\/wp-json\/wp\/v2\/posts\/10382\/revisions"}],"predecessor-version":[{"id":10385,"href":"https:\/\/cetm-madrid.es\/web\/wp-json\/wp\/v2\/posts\/10382\/revisions\/10385"}],"wp:featuredmedia":[{"embeddable":true,"href":"https:\/\/cetm-madrid.es\/web\/wp-json\/wp\/v2\/media\/8562"}],"wp:attachment":[{"href":"https:\/\/cetm-madrid.es\/web\/wp-json\/wp\/v2\/media?parent=10382"}],"wp:term":[{"taxonomy":"category","embeddable":true,"href":"https:\/\/cetm-madrid.es\/web\/wp-json\/wp\/v2\/categories?post=10382"},{"taxonomy":"post_tag","embeddable":true,"href":"https:\/\/cetm-madrid.es\/web\/wp-json\/wp\/v2\/tags?post=10382"}],"curies":[{"name":"wp","href":"https:\/\/api.w.org\/{rel}","templated":true}]}}