{"id":10373,"date":"2022-03-21T19:53:18","date_gmt":"2022-03-21T19:53:18","guid":{"rendered":"https:\/\/cetm-madrid.es\/web\/?p=10373"},"modified":"2022-03-22T20:02:43","modified_gmt":"2022-03-22T20:02:43","slug":"continua-la-reunion-entre-el-cntc-y-el-gobierno","status":"publish","type":"post","link":"https:\/\/cetm-madrid.es\/web\/continua-la-reunion-entre-el-cntc-y-el-gobierno\/","title":{"rendered":"Contin\u00faa la reuni\u00f3n entre el CNTC y el Gobierno"},"content":{"rendered":"<p>[et_pb_section fb_built=&#8221;1&#8243; admin_label=&#8221;section&#8221; _builder_version=&#8221;3.22&#8243; global_colors_info=&#8221;{}&#8221; theme_builder_area=&#8221;post_content&#8221;][et_pb_row admin_label=&#8221;row&#8221; _builder_version=&#8221;3.25&#8243; background_size=&#8221;initial&#8221; background_position=&#8221;top_left&#8221; background_repeat=&#8221;repeat&#8221; global_colors_info=&#8221;{}&#8221; column_structure=&#8221;2_3,1_3&#8243; theme_builder_area=&#8221;post_content&#8221;][et_pb_column type=&#8221;2_3&#8243; _builder_version=&#8221;3.25&#8243; custom_padding=&#8221;|||&#8221; global_colors_info=&#8221;{}&#8221; custom_padding__hover=&#8221;|||&#8221; theme_builder_area=&#8221;post_content&#8221;][et_pb_text admin_label=&#8221;Texto&#8221; _builder_version=&#8221;4.14.4&#8243; background_size=&#8221;initial&#8221; background_position=&#8221;top_left&#8221; background_repeat=&#8221;repeat&#8221; text_orientation=&#8221;justified&#8221; hover_enabled=&#8221;0&#8243; use_border_color=&#8221;off&#8221; border_color=&#8221;#ffffff&#8221; border_style=&#8221;solid&#8221; global_colors_info=&#8221;{}&#8221; theme_builder_area=&#8221;post_content&#8221; sticky_enabled=&#8221;0&#8243;]<\/p>\n<p>Como ya sab\u00e9is el Comit\u00e9 Nacional del Transporte por Carretera (CNTC) ha mantenido hoy una reuni\u00f3n con la vicepresidenta primera del Gobierno y ministra de <br \/>Asuntos Econ\u00f3micos y Transformaci\u00f3n Digital, <strong>Nadia Calvi\u00f1o<\/strong>, la ministra de Hacienda y Funci\u00f3n P\u00fablica, <strong>Mar\u00eda Jes\u00fas Montero<\/strong> y la ministra de Transportes, Movilidad y Agenda Urbana, <strong>Raquel S\u00e1nchez<\/strong> para abordar la puesta en marcha de medidas extraordinarias y solventar la actual situaci\u00f3n del sector ante la brutal subida del precio de los carburantes.<\/p>\n<p>En estos momentos se ha producido un receso, pero <strong>el encuentro volver\u00e1 a reanudarse a las 16:00 horas<\/strong> por lo que, de momento, no hay conclusiones al respecto. Cuando se reanude dicha reuni\u00f3n, <strong>est\u00e1 previsto que nos presenten un documento<\/strong> en el que esperamos que haya medidas concretas.<\/p>\n<p>Desde la CETM pedimos que no se tengan en cuenta<strong> los bulos y mensajes<\/strong> que circulan por las redes sociales y WhatsApp al respecto.<\/p>\n<p>[\/et_pb_text][\/et_pb_column][et_pb_column type=&#8221;1_3&#8243; _builder_version=&#8221;3.25&#8243; custom_padding=&#8221;|||&#8221; global_colors_info=&#8221;{}&#8221; custom_padding__hover=&#8221;|||&#8221; theme_builder_area=&#8221;post_content&#8221;][et_pb_image src=&#8221;https:\/\/cetm-madrid.es\/web\/wp-content\/uploads\/2022\/03\/Dise\u00f1o-sin-t\u00edtulo-23.png&#8221; align_tablet=&#8221;center&#8221; align_last_edited=&#8221;on|desktop&#8221; admin_label=&#8221;Imagen&#8221; _builder_version=&#8221;4.14.4&#8243; animation_style=&#8221;slide&#8221; animation_direction=&#8221;left&#8221; animation_duration=&#8221;500ms&#8221; animation_intensity_slide=&#8221;10%&#8221; hover_enabled=&#8221;0&#8243; use_border_color=&#8221;off&#8221; border_color=&#8221;#ffffff&#8221; border_style=&#8221;solid&#8221; animation=&#8221;left&#8221; sticky=&#8221;off&#8221; always_center_on_mobile=&#8221;on&#8221; global_colors_info=&#8221;{}&#8221; theme_builder_area=&#8221;post_content&#8221; title_text=&#8221;Dise\u00f1o sin t\u00edtulo (23)&#8221; sticky_enabled=&#8221;0&#8243; align_phone=&#8221;center&#8221;][\/et_pb_image][\/et_pb_column][\/et_pb_row][\/et_pb_section]<\/p>\n","protected":false},"excerpt":{"rendered":"<p>Como ya sab\u00e9is el Comit\u00e9 Nacional del Transporte por Carretera (CNTC) ha mantenido hoy una reuni\u00f3n con la vicepresidenta primera del Gobierno y ministra de Asuntos Econ\u00f3micos y Transformaci\u00f3n Digital, Nadia Calvi\u00f1o, la ministra de Hacienda y Funci\u00f3n P\u00fablica, Mar\u00eda Jes\u00fas Montero y la ministra de Transportes, Movilidad y Agenda Urbana, Raquel S\u00e1nchez para abordar [&hellip;]<\/p>\n","protected":false},"author":1,"featured_media":10377,"comment_status":"closed","ping_status":"open","sticky":false,"template":"","format":"standard","meta":{"_et_pb_use_builder":"on","_et_pb_old_content":"","_et_gb_content_width":"","footnotes":""},"categories":[5,4],"tags":[],"class_list":["post-10373","post","type-post","status-publish","format-standard","has-post-thumbnail","hentry","category-general","category-organizacion"],"_links":{"self":[{"href":"https:\/\/cetm-madrid.es\/web\/wp-json\/wp\/v2\/posts\/10373","targetHints":{"allow":["GET"]}}],"collection":[{"href":"https:\/\/cetm-madrid.es\/web\/wp-json\/wp\/v2\/posts"}],"about":[{"href":"https:\/\/cetm-madrid.es\/web\/wp-json\/wp\/v2\/types\/post"}],"author":[{"embeddable":true,"href":"https:\/\/cetm-madrid.es\/web\/wp-json\/wp\/v2\/users\/1"}],"replies":[{"embeddable":true,"href":"https:\/\/cetm-madrid.es\/web\/wp-json\/wp\/v2\/comments?post=10373"}],"version-history":[{"count":2,"href":"https:\/\/cetm-madrid.es\/web\/wp-json\/wp\/v2\/posts\/10373\/revisions"}],"predecessor-version":[{"id":10378,"href":"https:\/\/cetm-madrid.es\/web\/wp-json\/wp\/v2\/posts\/10373\/revisions\/10378"}],"wp:featuredmedia":[{"embeddable":true,"href":"https:\/\/cetm-madrid.es\/web\/wp-json\/wp\/v2\/media\/10377"}],"wp:attachment":[{"href":"https:\/\/cetm-madrid.es\/web\/wp-json\/wp\/v2\/media?parent=10373"}],"wp:term":[{"taxonomy":"category","embeddable":true,"href":"https:\/\/cetm-madrid.es\/web\/wp-json\/wp\/v2\/categories?post=10373"},{"taxonomy":"post_tag","embeddable":true,"href":"https:\/\/cetm-madrid.es\/web\/wp-json\/wp\/v2\/tags?post=10373"}],"curies":[{"name":"wp","href":"https:\/\/api.w.org\/{rel}","templated":true}]}}