{"id":10229,"date":"2022-03-01T19:44:29","date_gmt":"2022-03-01T19:44:29","guid":{"rendered":"https:\/\/cetm-madrid.es\/web\/?p=10229"},"modified":"2022-03-01T19:44:35","modified_gmt":"2022-03-01T19:44:35","slug":"aviso-de-la-aemet-cambio-de-tiempo-significativo-en-la-peninsula-y-baleares","status":"publish","type":"post","link":"https:\/\/cetm-madrid.es\/web\/aviso-de-la-aemet-cambio-de-tiempo-significativo-en-la-peninsula-y-baleares\/","title":{"rendered":"Aviso de la AEMET: cambio de tiempo significativo en la Pen\u00ednsula y Baleares"},"content":{"rendered":"<p>[et_pb_section fb_built=&#8221;1&#8243; admin_label=&#8221;section&#8221; _builder_version=&#8221;3.22&#8243; global_colors_info=&#8221;{}&#8221; theme_builder_area=&#8221;post_content&#8221;][et_pb_row admin_label=&#8221;row&#8221; _builder_version=&#8221;3.25&#8243; background_size=&#8221;initial&#8221; background_position=&#8221;top_left&#8221; background_repeat=&#8221;repeat&#8221; global_colors_info=&#8221;{}&#8221; column_structure=&#8221;2_3,1_3&#8243; theme_builder_area=&#8221;post_content&#8221;][et_pb_column type=&#8221;2_3&#8243; _builder_version=&#8221;3.25&#8243; custom_padding=&#8221;|||&#8221; global_colors_info=&#8221;{}&#8221; custom_padding__hover=&#8221;|||&#8221; theme_builder_area=&#8221;post_content&#8221;][et_pb_text admin_label=&#8221;Texto&#8221; _builder_version=&#8221;4.14.4&#8243; background_size=&#8221;initial&#8221; background_position=&#8221;top_left&#8221; background_repeat=&#8221;repeat&#8221; text_orientation=&#8221;justified&#8221; hover_enabled=&#8221;0&#8243; use_border_color=&#8221;off&#8221; border_color=&#8221;#ffffff&#8221; border_style=&#8221;solid&#8221; global_colors_info=&#8221;{}&#8221; theme_builder_area=&#8221;post_content&#8221; sticky_enabled=&#8221;0&#8243;]<\/p>\n<p>La Agencia Estatal de meteorolog\u00eda (AMET) ha emitido un aviso ante el cambio de temperaturas que<strong> se prev\u00e9 a partir de ma\u00f1ana.<\/strong><\/p>\n<p>Se espera que sea por la tarde cuando un frente atl\u00e1ntico entre por Galicia, barriendo la Pen\u00ednsula de noreste a sureste, que producir\u00e1 a su paso precipitaciones generalizadas. Estas lluvias <strong>podr\u00edan ser fuertes durante las \u00faltimas horas del mi\u00e9rcoles y durante la madrugada del jueves<\/strong> en el oeste de Galicia y localmente persistentes durante todo el jueves en el \u00e1rea cant\u00e1brica. <strong>Podr\u00e1n ir acompa\u00f1adas de tormenta<\/strong> en el interior del sureste peninsular el jueves por la tarde.<\/p>\n<p>Asimismo, habr\u00e1 un<strong> descenso significativo de las temperaturas<\/strong> y con ello una bajada de la cota de nieve, con nevadas en las zonas de monta\u00f1a y \u00e1reas pr\u00f3ximas: en la cordillera Cant\u00e1brica bajar\u00e1 hasta 700\/800 metros, en el Pirineo hasta 1000\/1400 metros y en los sistemas Central e Ib\u00e9rico hasta 900\/1100 m.<\/p>\n<p>Seg\u00fan indica la AEMET, para finales del jueves e inicios del viernes se va a desarrollar una baja mediterr\u00e1nea que <strong>incrementar\u00e1 la inestabilidad<\/strong> en la zona y producir\u00e1 precipitaciones en la mitad oriental peninsular y en Baleares.<\/p>\n<p>Desde la CETM recomendamos que las empresas de transporte tengan en cuenta esta informaci\u00f3n a la hora de planificar sus rutas y <strong>consulten la informaci\u00f3n meteorol\u00f3gica de manera actualizada. <\/strong><\/p>\n<p>[\/et_pb_text][\/et_pb_column][et_pb_column type=&#8221;1_3&#8243; _builder_version=&#8221;3.25&#8243; custom_padding=&#8221;|||&#8221; global_colors_info=&#8221;{}&#8221; custom_padding__hover=&#8221;|||&#8221; theme_builder_area=&#8221;post_content&#8221;][et_pb_image src=&#8221;https:\/\/cetm-madrid.es\/web\/wp-content\/uploads\/2021\/06\/Dise\u00f1o-sin-t\u00edtulo-9.png&#8221; align_tablet=&#8221;center&#8221; align_last_edited=&#8221;on|desktop&#8221; admin_label=&#8221;Imagen&#8221; _builder_version=&#8221;4.14.4&#8243; animation_style=&#8221;slide&#8221; animation_direction=&#8221;left&#8221; animation_duration=&#8221;500ms&#8221; animation_intensity_slide=&#8221;10%&#8221; hover_enabled=&#8221;0&#8243; use_border_color=&#8221;off&#8221; border_color=&#8221;#ffffff&#8221; border_style=&#8221;solid&#8221; animation=&#8221;left&#8221; sticky=&#8221;off&#8221; always_center_on_mobile=&#8221;on&#8221; global_colors_info=&#8221;{}&#8221; theme_builder_area=&#8221;post_content&#8221; title_text=&#8221;Dise\u00f1o sin t\u00edtulo (9)&#8221; sticky_enabled=&#8221;0&#8243; align_phone=&#8221;center&#8221;][\/et_pb_image][\/et_pb_column][\/et_pb_row][\/et_pb_section]<\/p>\n","protected":false},"excerpt":{"rendered":"<p>La Agencia Estatal de meteorolog\u00eda (AMET) ha emitido un aviso ante el cambio de temperaturas que se prev\u00e9 a partir de ma\u00f1ana. Se espera que sea por la tarde cuando un frente atl\u00e1ntico entre por Galicia, barriendo la Pen\u00ednsula de noreste a sureste, que producir\u00e1 a su paso precipitaciones generalizadas. Estas lluvias podr\u00edan ser fuertes [&hellip;]<\/p>\n","protected":false},"author":1,"featured_media":8440,"comment_status":"closed","ping_status":"open","sticky":false,"template":"","format":"standard","meta":{"_et_pb_use_builder":"on","_et_pb_old_content":"","_et_gb_content_width":"","footnotes":""},"categories":[5,4],"tags":[],"class_list":["post-10229","post","type-post","status-publish","format-standard","has-post-thumbnail","hentry","category-general","category-organizacion"],"_links":{"self":[{"href":"https:\/\/cetm-madrid.es\/web\/wp-json\/wp\/v2\/posts\/10229","targetHints":{"allow":["GET"]}}],"collection":[{"href":"https:\/\/cetm-madrid.es\/web\/wp-json\/wp\/v2\/posts"}],"about":[{"href":"https:\/\/cetm-madrid.es\/web\/wp-json\/wp\/v2\/types\/post"}],"author":[{"embeddable":true,"href":"https:\/\/cetm-madrid.es\/web\/wp-json\/wp\/v2\/users\/1"}],"replies":[{"embeddable":true,"href":"https:\/\/cetm-madrid.es\/web\/wp-json\/wp\/v2\/comments?post=10229"}],"version-history":[{"count":2,"href":"https:\/\/cetm-madrid.es\/web\/wp-json\/wp\/v2\/posts\/10229\/revisions"}],"predecessor-version":[{"id":10232,"href":"https:\/\/cetm-madrid.es\/web\/wp-json\/wp\/v2\/posts\/10229\/revisions\/10232"}],"wp:featuredmedia":[{"embeddable":true,"href":"https:\/\/cetm-madrid.es\/web\/wp-json\/wp\/v2\/media\/8440"}],"wp:attachment":[{"href":"https:\/\/cetm-madrid.es\/web\/wp-json\/wp\/v2\/media?parent=10229"}],"wp:term":[{"taxonomy":"category","embeddable":true,"href":"https:\/\/cetm-madrid.es\/web\/wp-json\/wp\/v2\/categories?post=10229"},{"taxonomy":"post_tag","embeddable":true,"href":"https:\/\/cetm-madrid.es\/web\/wp-json\/wp\/v2\/tags?post=10229"}],"curies":[{"name":"wp","href":"https:\/\/api.w.org\/{rel}","templated":true}]}}