{"id":10224,"date":"2022-03-01T19:32:07","date_gmt":"2022-03-01T19:32:07","guid":{"rendered":"https:\/\/cetm-madrid.es\/web\/?p=10224"},"modified":"2022-03-01T19:32:11","modified_gmt":"2022-03-01T19:32:11","slug":"el-consejo-de-ministros-aprueba-el-real-decreto-ley-que-recoge-los-acuerdos-alcanzados-con-el-cntc-en-diciembre","status":"publish","type":"post","link":"https:\/\/cetm-madrid.es\/web\/el-consejo-de-ministros-aprueba-el-real-decreto-ley-que-recoge-los-acuerdos-alcanzados-con-el-cntc-en-diciembre\/","title":{"rendered":"El Consejo de Ministros aprueba el Real Decreto-ley que recoge los acuerdos alcanzados con el CNTC en diciembre"},"content":{"rendered":"<p>[et_pb_section fb_built=&#8221;1&#8243; admin_label=&#8221;section&#8221; _builder_version=&#8221;3.22&#8243; global_colors_info=&#8221;{}&#8221; theme_builder_area=&#8221;post_content&#8221;][et_pb_row admin_label=&#8221;row&#8221; _builder_version=&#8221;3.25&#8243; background_size=&#8221;initial&#8221; background_position=&#8221;top_left&#8221; background_repeat=&#8221;repeat&#8221; global_colors_info=&#8221;{}&#8221; column_structure=&#8221;2_3,1_3&#8243; theme_builder_area=&#8221;post_content&#8221;][et_pb_column type=&#8221;2_3&#8243; _builder_version=&#8221;3.25&#8243; custom_padding=&#8221;|||&#8221; global_colors_info=&#8221;{}&#8221; custom_padding__hover=&#8221;|||&#8221; theme_builder_area=&#8221;post_content&#8221;][et_pb_text admin_label=&#8221;Texto&#8221; _builder_version=&#8221;4.14.4&#8243; background_size=&#8221;initial&#8221; background_position=&#8221;top_left&#8221; background_repeat=&#8221;repeat&#8221; text_orientation=&#8221;justified&#8221; hover_enabled=&#8221;0&#8243; use_border_color=&#8221;off&#8221; border_color=&#8221;#ffffff&#8221; border_style=&#8221;solid&#8221; global_colors_info=&#8221;{}&#8221; theme_builder_area=&#8221;post_content&#8221; sticky_enabled=&#8221;0&#8243;]<\/p>\n<p>La ministra de Transportes, Movilidad y Agenda Urbana, Raquel S\u00e1nchez, acaba de confirmar durante la rueda de prensa posterior al Consejo de Ministros que el Real<br \/>Decreto-ley que<strong> recoge los acuerdos alcanzados con el Comit\u00e9 Nacional del Transporte por Carretera<\/strong> (CNTC) el pasado 17 de diciembre ha sido aprobado este martes.<\/p>\n<p>Ampliaremos informaci\u00f3n cuando el texto sea publicado en el BOE y el CNTC proceda a su valoraci\u00f3n.<\/p>\n<p>Por otra parte, la ministra ha comunicado la aprobaci\u00f3n del anteproyecto de la Ley de Movilidad Sostenible y Financiaci\u00f3n del Transporte y <strong>ha adelantado que no se define ning\u00fan plan para el pago por uso de las autov\u00edas.<\/strong> El texto ser\u00e1 remitido a las Cortes para su debate.<\/p>\n<p>[\/et_pb_text][\/et_pb_column][et_pb_column type=&#8221;1_3&#8243; _builder_version=&#8221;3.25&#8243; custom_padding=&#8221;|||&#8221; global_colors_info=&#8221;{}&#8221; custom_padding__hover=&#8221;|||&#8221; theme_builder_area=&#8221;post_content&#8221;][et_pb_image src=&#8221;https:\/\/cetm-madrid.es\/web\/wp-content\/uploads\/2022\/03\/Dise\u00f1o-sin-t\u00edtulo-18.png&#8221; align_tablet=&#8221;center&#8221; align_last_edited=&#8221;on|desktop&#8221; admin_label=&#8221;Imagen&#8221; _builder_version=&#8221;4.14.4&#8243; animation_style=&#8221;slide&#8221; animation_direction=&#8221;left&#8221; animation_duration=&#8221;500ms&#8221; animation_intensity_slide=&#8221;10%&#8221; hover_enabled=&#8221;0&#8243; use_border_color=&#8221;off&#8221; border_color=&#8221;#ffffff&#8221; border_style=&#8221;solid&#8221; animation=&#8221;left&#8221; sticky=&#8221;off&#8221; always_center_on_mobile=&#8221;on&#8221; global_colors_info=&#8221;{}&#8221; theme_builder_area=&#8221;post_content&#8221; title_text=&#8221;Dise\u00f1o sin t\u00edtulo (18)&#8221; sticky_enabled=&#8221;0&#8243; align_phone=&#8221;center&#8221;][\/et_pb_image][\/et_pb_column][\/et_pb_row][\/et_pb_section]<\/p>\n","protected":false},"excerpt":{"rendered":"<p>La ministra de Transportes, Movilidad y Agenda Urbana, Raquel S\u00e1nchez, acaba de confirmar durante la rueda de prensa posterior al Consejo de Ministros que el RealDecreto-ley que recoge los acuerdos alcanzados con el Comit\u00e9 Nacional del Transporte por Carretera (CNTC) el pasado 17 de diciembre ha sido aprobado este martes. Ampliaremos informaci\u00f3n cuando el texto [&hellip;]<\/p>\n","protected":false},"author":1,"featured_media":10227,"comment_status":"closed","ping_status":"open","sticky":false,"template":"","format":"standard","meta":{"_et_pb_use_builder":"on","_et_pb_old_content":"","_et_gb_content_width":"","footnotes":""},"categories":[5,4],"tags":[],"class_list":["post-10224","post","type-post","status-publish","format-standard","has-post-thumbnail","hentry","category-general","category-organizacion"],"_links":{"self":[{"href":"https:\/\/cetm-madrid.es\/web\/wp-json\/wp\/v2\/posts\/10224","targetHints":{"allow":["GET"]}}],"collection":[{"href":"https:\/\/cetm-madrid.es\/web\/wp-json\/wp\/v2\/posts"}],"about":[{"href":"https:\/\/cetm-madrid.es\/web\/wp-json\/wp\/v2\/types\/post"}],"author":[{"embeddable":true,"href":"https:\/\/cetm-madrid.es\/web\/wp-json\/wp\/v2\/users\/1"}],"replies":[{"embeddable":true,"href":"https:\/\/cetm-madrid.es\/web\/wp-json\/wp\/v2\/comments?post=10224"}],"version-history":[{"count":2,"href":"https:\/\/cetm-madrid.es\/web\/wp-json\/wp\/v2\/posts\/10224\/revisions"}],"predecessor-version":[{"id":10228,"href":"https:\/\/cetm-madrid.es\/web\/wp-json\/wp\/v2\/posts\/10224\/revisions\/10228"}],"wp:featuredmedia":[{"embeddable":true,"href":"https:\/\/cetm-madrid.es\/web\/wp-json\/wp\/v2\/media\/10227"}],"wp:attachment":[{"href":"https:\/\/cetm-madrid.es\/web\/wp-json\/wp\/v2\/media?parent=10224"}],"wp:term":[{"taxonomy":"category","embeddable":true,"href":"https:\/\/cetm-madrid.es\/web\/wp-json\/wp\/v2\/categories?post=10224"},{"taxonomy":"post_tag","embeddable":true,"href":"https:\/\/cetm-madrid.es\/web\/wp-json\/wp\/v2\/tags?post=10224"}],"curies":[{"name":"wp","href":"https:\/\/api.w.org\/{rel}","templated":true}]}}