{"id":10208,"date":"2022-02-28T21:36:16","date_gmt":"2022-02-28T21:36:16","guid":{"rendered":"https:\/\/cetm-madrid.es\/web\/?p=10208"},"modified":"2022-02-28T21:36:20","modified_gmt":"2022-02-28T21:36:20","slug":"la-iru-reclama-en-una-carta-abierta-proteccion-para-los-profesionales-del-transporte-atrapados-en-ucrania","status":"publish","type":"post","link":"https:\/\/cetm-madrid.es\/web\/la-iru-reclama-en-una-carta-abierta-proteccion-para-los-profesionales-del-transporte-atrapados-en-ucrania\/","title":{"rendered":"La IRU reclama en una carta abierta protecci\u00f3n para los profesionales del transporte atrapados en Ucrania"},"content":{"rendered":"<p>[et_pb_section fb_built=&#8221;1&#8243; admin_label=&#8221;section&#8221; _builder_version=&#8221;3.22&#8243; global_colors_info=&#8221;{}&#8221; theme_builder_area=&#8221;post_content&#8221;][et_pb_row admin_label=&#8221;row&#8221; _builder_version=&#8221;3.25&#8243; background_size=&#8221;initial&#8221; background_position=&#8221;top_left&#8221; background_repeat=&#8221;repeat&#8221; global_colors_info=&#8221;{}&#8221; column_structure=&#8221;2_3,1_3&#8243; theme_builder_area=&#8221;post_content&#8221;][et_pb_column type=&#8221;2_3&#8243; _builder_version=&#8221;3.25&#8243; custom_padding=&#8221;|||&#8221; global_colors_info=&#8221;{}&#8221; custom_padding__hover=&#8221;|||&#8221; theme_builder_area=&#8221;post_content&#8221;][et_pb_text admin_label=&#8221;Texto&#8221; _builder_version=&#8221;4.14.4&#8243; background_size=&#8221;initial&#8221; background_position=&#8221;top_left&#8221; background_repeat=&#8221;repeat&#8221; text_orientation=&#8221;justified&#8221; hover_enabled=&#8221;0&#8243; use_border_color=&#8221;off&#8221; border_color=&#8221;#ffffff&#8221; border_style=&#8221;solid&#8221; global_colors_info=&#8221;{}&#8221; theme_builder_area=&#8221;post_content&#8221; sticky_enabled=&#8221;0&#8243;]<\/p>\n<p>La Organizaci\u00f3n Internacional del Transporte (IRU), a la que pertenece la CETM, ha emitido una carta abierta<strong> dirigida a los l\u00edderes gubernamentales y a las autoridades de Europa y Eurasia<\/strong> en la que reclama protecci\u00f3n para los profesionales del transporte que est\u00e1n atrapados en Ucrania.<\/p>\n<p>Los datos que maneja la IRU reflejan que hay al menos <strong>12.000 conductores atrapados en el pa\u00eds<\/strong> y muchos de ellos est\u00e1n esperando para transitar hacia la UE.<\/p>\n<p>A pesar de que las fronteras entre Ucrania y los pa\u00edses de la UE est\u00e1n abiertas, se est\u00e1n registrando largas colas para pasar y los <strong>conductores se enfrentan a esperas de entre dos y cuatro d\u00edas para poder cruzar<\/strong>. Por otra parte, la frontera entre Ucrania y Bielorrusia est\u00e1 cerrada y esto obliga a muchos a cambiar su ruta.<\/p>\n<p>Adem\u00e1s, el ataque ruso ha provocado que algunos conductores hayan tenido que <strong>abandonar sus camiones en Ucrania<\/strong>. La IRU estima que hay al menos 600 conductores turcos atrapados que est\u00e1n tratando de regresar a Turqu\u00eda, pero los transbordadores ro-ro que cruzan el Mar Negro desde Ucrania a Turqu\u00eda han sido cancelados.\u00a0 Tambi\u00e9n hay conductores turcos que est\u00e1n varados en Rusia que intentan regresar a trav\u00e9s de Georgia, enfrent\u00e1ndose a retrasos de 7 a 10 d\u00edas.<\/p>\n<p>Ante este panorama, la IRU denuncia que<strong> la seguridad de los conductores bloqueados est\u00e1 en peligro<\/strong>, encontr\u00e1ndose en instalaciones deficientes y sufriendo la falta de agua y alimentos. Por ello, a pesar de que las autoridades (entre las que se incluye la Comisi\u00f3n Europea y algunos Estados miembro), han apoyado las exenciones de visa y permiso para algunos conductores, la organizaci\u00f3n considera que \u201ca\u00fan queda mucho por hacer y se necesita mayor claridad\u201d y reclama a todas las autoridades\u00a0 pertinentes de la regi\u00f3n las siguientes medidas:<\/p>\n<p>\u2022 <span style=\"text-decoration: underline;\">Renunciar temporalmente a los requisitos de visa y permiso,<\/span> o proporcionar r\u00e1pidamente visas de tr\u00e1nsito para conductores comerciales de todas las nacionalidades que intenten regresar a casa a trav\u00e9s de rutas alternativas.<\/p>\n<p>\u2022 <span style=\"text-decoration: underline;\">Garantizar un paso fronterizo r\u00e1pido para veh\u00edculos comerciales.<\/span><\/p>\n<p>\u2022 <span style=\"text-decoration: underline;\">Renunciar temporalmente a las reglas de tiempos de conducci\u00f3n y descanso<\/span> si es necesario para que regresen a sus hogares.<\/p>\n<p>\u2022 <span style=\"text-decoration: underline;\">Proporcionar instalaciones humanitarias<\/span> a los conductores varados.<\/p>\n<p>[\/et_pb_text][\/et_pb_column][et_pb_column type=&#8221;1_3&#8243; _builder_version=&#8221;3.25&#8243; custom_padding=&#8221;|||&#8221; global_colors_info=&#8221;{}&#8221; custom_padding__hover=&#8221;|||&#8221; theme_builder_area=&#8221;post_content&#8221;][et_pb_image src=&#8221;https:\/\/cetm-madrid.es\/web\/wp-content\/uploads\/2022\/02\/Dise\u00f1o-sin-t\u00edtulo-16.png&#8221; align_tablet=&#8221;center&#8221; align_last_edited=&#8221;on|desktop&#8221; admin_label=&#8221;Imagen&#8221; _builder_version=&#8221;4.14.4&#8243; animation_style=&#8221;slide&#8221; animation_direction=&#8221;left&#8221; animation_duration=&#8221;500ms&#8221; animation_intensity_slide=&#8221;10%&#8221; hover_enabled=&#8221;0&#8243; use_border_color=&#8221;off&#8221; border_color=&#8221;#ffffff&#8221; border_style=&#8221;solid&#8221; animation=&#8221;left&#8221; sticky=&#8221;off&#8221; always_center_on_mobile=&#8221;on&#8221; global_colors_info=&#8221;{}&#8221; theme_builder_area=&#8221;post_content&#8221; title_text=&#8221;Dise\u00f1o sin t\u00edtulo (16)&#8221; sticky_enabled=&#8221;0&#8243; align_phone=&#8221;center&#8221;][\/et_pb_image][\/et_pb_column][\/et_pb_row][\/et_pb_section]<\/p>\n","protected":false},"excerpt":{"rendered":"<p>La Organizaci\u00f3n Internacional del Transporte (IRU), a la que pertenece la CETM, ha emitido una carta abierta dirigida a los l\u00edderes gubernamentales y a las autoridades de Europa y Eurasia en la que reclama protecci\u00f3n para los profesionales del transporte que est\u00e1n atrapados en Ucrania. Los datos que maneja la IRU reflejan que hay al [&hellip;]<\/p>\n","protected":false},"author":1,"featured_media":10211,"comment_status":"closed","ping_status":"open","sticky":false,"template":"","format":"standard","meta":{"_et_pb_use_builder":"on","_et_pb_old_content":"","_et_gb_content_width":"","footnotes":""},"categories":[5,4],"tags":[],"class_list":["post-10208","post","type-post","status-publish","format-standard","has-post-thumbnail","hentry","category-general","category-organizacion"],"_links":{"self":[{"href":"https:\/\/cetm-madrid.es\/web\/wp-json\/wp\/v2\/posts\/10208","targetHints":{"allow":["GET"]}}],"collection":[{"href":"https:\/\/cetm-madrid.es\/web\/wp-json\/wp\/v2\/posts"}],"about":[{"href":"https:\/\/cetm-madrid.es\/web\/wp-json\/wp\/v2\/types\/post"}],"author":[{"embeddable":true,"href":"https:\/\/cetm-madrid.es\/web\/wp-json\/wp\/v2\/users\/1"}],"replies":[{"embeddable":true,"href":"https:\/\/cetm-madrid.es\/web\/wp-json\/wp\/v2\/comments?post=10208"}],"version-history":[{"count":2,"href":"https:\/\/cetm-madrid.es\/web\/wp-json\/wp\/v2\/posts\/10208\/revisions"}],"predecessor-version":[{"id":10212,"href":"https:\/\/cetm-madrid.es\/web\/wp-json\/wp\/v2\/posts\/10208\/revisions\/10212"}],"wp:featuredmedia":[{"embeddable":true,"href":"https:\/\/cetm-madrid.es\/web\/wp-json\/wp\/v2\/media\/10211"}],"wp:attachment":[{"href":"https:\/\/cetm-madrid.es\/web\/wp-json\/wp\/v2\/media?parent=10208"}],"wp:term":[{"taxonomy":"category","embeddable":true,"href":"https:\/\/cetm-madrid.es\/web\/wp-json\/wp\/v2\/categories?post=10208"},{"taxonomy":"post_tag","embeddable":true,"href":"https:\/\/cetm-madrid.es\/web\/wp-json\/wp\/v2\/tags?post=10208"}],"curies":[{"name":"wp","href":"https:\/\/api.w.org\/{rel}","templated":true}]}}