{"id":10196,"date":"2022-02-25T18:53:15","date_gmt":"2022-02-25T18:53:15","guid":{"rendered":"https:\/\/cetm-madrid.es\/web\/?p=10196"},"modified":"2022-02-25T18:53:19","modified_gmt":"2022-02-25T18:53:19","slug":"la-jubilacion-de-los-conductores-anticipada-u-obligatoria","status":"publish","type":"post","link":"https:\/\/cetm-madrid.es\/web\/la-jubilacion-de-los-conductores-anticipada-u-obligatoria\/","title":{"rendered":"La jubilaci\u00f3n de los conductores, \u00bfanticipada u obligatoria?"},"content":{"rendered":"<p>[et_pb_section fb_built=&#8221;1&#8243; admin_label=&#8221;section&#8221; _builder_version=&#8221;3.22&#8243; global_colors_info=&#8221;{}&#8221; theme_builder_area=&#8221;post_content&#8221;][et_pb_row admin_label=&#8221;row&#8221; _builder_version=&#8221;3.25&#8243; background_size=&#8221;initial&#8221; background_position=&#8221;top_left&#8221; background_repeat=&#8221;repeat&#8221; global_colors_info=&#8221;{}&#8221; column_structure=&#8221;2_3,1_3&#8243; theme_builder_area=&#8221;post_content&#8221;][et_pb_column type=&#8221;2_3&#8243; _builder_version=&#8221;3.25&#8243; custom_padding=&#8221;|||&#8221; global_colors_info=&#8221;{}&#8221; custom_padding__hover=&#8221;|||&#8221; theme_builder_area=&#8221;post_content&#8221;][et_pb_text admin_label=&#8221;Texto&#8221; _builder_version=&#8221;4.14.4&#8243; background_size=&#8221;initial&#8221; background_position=&#8221;top_left&#8221; background_repeat=&#8221;repeat&#8221; text_orientation=&#8221;justified&#8221; hover_enabled=&#8221;0&#8243; use_border_color=&#8221;off&#8221; border_color=&#8221;#ffffff&#8221; border_style=&#8221;solid&#8221; global_colors_info=&#8221;{}&#8221; theme_builder_area=&#8221;post_content&#8221; sticky_enabled=&#8221;0&#8243;]<\/p>\n<p>\u00daltimamente vuelve a sonar con fuerza en el panorama sectorial la jubilaci\u00f3n anticipada de los conductores profesionales, especialmente a ra\u00edz de los acuerdos del sector con el MITMA, pero m\u00e1s bien como un arma arrojadiza contra algunas de las medidas que redundan en beneficio de los conductores, como la prohibici\u00f3n de realizar labores de carga y descarga o la minoraci\u00f3n de los tiempos de espera, y as\u00ed justificar que estas medidas son estrictamente econ\u00f3micas. Este planteamiento basado en la perspectiva de la confrontaci\u00f3n, lo que es bueno para uno es malo para el otro, es simple y torticero. Es obvio que se trata de medidas que benefician tanto a los conductores como a las empresas del sector, saliendo beneficiadas ambas partes, \u201cwin-win\u201d.<\/p>\n<p><strong>\u00a0<\/strong>Centr\u00e1ndonos en la jubilaci\u00f3n anticipada de los conductores, poco que reprochar, y menos en un pa\u00eds que ha existido \u201cbarra libre\u201d con las prejubilaciones de sectores que ni eran t\u00f3xicos, ni penosos, ni peligrosos, como la banca, la energ\u00eda o las aseguradoras, con \u201ctrajes a medida\u201d con cargo al erario p\u00fablico, en los que un gran n\u00famero de personal,con una edad que pod\u00eda oscilar entre los 45 y los 50 a\u00f1os, se retiraba manteniendo en torno a un 80% sus condiciones econ\u00f3micas v\u00eda prestaciones. Lo que ahora no puede extra\u00f1ar es que se hable de desequilibrio en el sistema de pensiones y del peligro que corre la caja de la Seguridad Social, lo que ha provocado, entre otras cosas, que se haya tenido que ampliar la edad de jubilaci\u00f3n a los 67 a\u00f1os a partir del 2.027, con un r\u00e9gimen transitorio hasta entonces.<\/p>\n<p>Pero plantear una jubilaci\u00f3n forzosa de los conductores a partir de 52 a\u00f1os con el problema de escasez de estos profesionales, y teniendo en cuenta que s\u00f3lo uno de cada cuatro conductores en Espa\u00f1a es menor de 50 a\u00f1os, no es asumible, y menos si de forma paralela no se plantean medidas encaminadas a facilitar el acceso de j\u00f3venes y desempleados al sector del transporte,una v\u00eda \u00fatil y efectiva podr\u00eda ser la formaci\u00f3n profesional creando un m\u00f3dulo espec\u00edfico destinado a la formaci\u00f3n e conductores profesionales, en un pa\u00eds en la que la tasa de paro juvenil se sit\u00faa en un 30%.<\/p>\n<p>Actualmente existen determinados colectivos a los que se les reconoce de forma espec\u00edfica la jubilaci\u00f3n anticipada, por haber desempe\u00f1ado actividades profesionales cuyos trabajos sean de naturaleza excepcionalmente penosa, t\u00f3xica, peligrosa o\u00a0insalubre y acusen elevados \u00edndices de morbilidad o mortalidad (siempre que los trabajadores acrediten el per\u00edodo m\u00ednimo establecido en tal profesi\u00f3n o trabajo). Entre estos colectivos est\u00e1n los trabajadores ferroviarios, personal de vuelo, trabajadores del mar, mineros, bomberos, polic\u00edas o artistas. Pero es preciso tener en cuenta que estos colectivos tienen un tipo de cotizaci\u00f3n adicionalsobre la base de contingencias comunes a abonar por empresa y trabajadores y que debe ser especificado en cada caso, lo que supone un coste adicional que deber\u00eda asumir tanto la empresa como el trabajador. Por ello, ser\u00eda preciso que de forma paralela se redujera el tipo de cotizaci\u00f3n por contingencias profesionales de los conductores de veh\u00edculos pesados, ya que la siniestralidad de este segmento se viene reduciendo de forma considerable en los \u00faltimos a\u00f1os.<\/p>\n<p>Cuando se habla de la jubilaci\u00f3n anticipada, no estar\u00eda de m\u00e1s que se incluyera una regulaci\u00f3n espec\u00edfica para la jubilaci\u00f3n obligatoria de los conductores llegada su edad legal de jubilaci\u00f3n, ya que, si por el tipo de actividad est\u00e1 justificado adelantarla, dif\u00edcilmente su puede sostener que haya casos en los que se retrase la edad ordinaria de jubilaci\u00f3n.<\/p>\n<p>&nbsp;<\/p>\n<p><em><strong>Jorge Somoza\u00a0<\/strong><\/em><\/p>\n<p><em>Director General de CETM-Madrid<\/em><\/p>\n<p><em>(Publicado en la revista Transporte Profesional)<\/em><\/p>\n<p>[\/et_pb_text][\/et_pb_column][et_pb_column type=&#8221;1_3&#8243; _builder_version=&#8221;3.25&#8243; custom_padding=&#8221;|||&#8221; global_colors_info=&#8221;{}&#8221; custom_padding__hover=&#8221;|||&#8221; theme_builder_area=&#8221;post_content&#8221;][et_pb_image src=&#8221;https:\/\/cetm-madrid.es\/web\/wp-content\/uploads\/2022\/02\/Dise\u00f1o-sin-t\u00edtulo-15.png&#8221; align_tablet=&#8221;center&#8221; align_last_edited=&#8221;on|desktop&#8221; admin_label=&#8221;Imagen&#8221; _builder_version=&#8221;4.14.4&#8243; animation_style=&#8221;slide&#8221; animation_direction=&#8221;left&#8221; animation_duration=&#8221;500ms&#8221; animation_intensity_slide=&#8221;10%&#8221; hover_enabled=&#8221;0&#8243; use_border_color=&#8221;off&#8221; border_color=&#8221;#ffffff&#8221; border_style=&#8221;solid&#8221; animation=&#8221;left&#8221; sticky=&#8221;off&#8221; always_center_on_mobile=&#8221;on&#8221; global_colors_info=&#8221;{}&#8221; theme_builder_area=&#8221;post_content&#8221; title_text=&#8221;Dise\u00f1o sin t\u00edtulo (15)&#8221; sticky_enabled=&#8221;0&#8243; align_phone=&#8221;center&#8221;][\/et_pb_image][\/et_pb_column][\/et_pb_row][\/et_pb_section]<\/p>\n","protected":false},"excerpt":{"rendered":"<p>\u00daltimamente vuelve a sonar con fuerza en el panorama sectorial la jubilaci\u00f3n anticipada de los conductores profesionales, especialmente a ra\u00edz de los acuerdos del sector con el MITMA, pero m\u00e1s bien como un arma arrojadiza contra algunas de las medidas que redundan en beneficio de los conductores, como la prohibici\u00f3n de realizar labores de carga [&hellip;]<\/p>\n","protected":false},"author":1,"featured_media":10199,"comment_status":"closed","ping_status":"open","sticky":false,"template":"","format":"standard","meta":{"_et_pb_use_builder":"on","_et_pb_old_content":"","_et_gb_content_width":"","footnotes":""},"categories":[5,4],"tags":[],"class_list":["post-10196","post","type-post","status-publish","format-standard","has-post-thumbnail","hentry","category-general","category-organizacion"],"_links":{"self":[{"href":"https:\/\/cetm-madrid.es\/web\/wp-json\/wp\/v2\/posts\/10196","targetHints":{"allow":["GET"]}}],"collection":[{"href":"https:\/\/cetm-madrid.es\/web\/wp-json\/wp\/v2\/posts"}],"about":[{"href":"https:\/\/cetm-madrid.es\/web\/wp-json\/wp\/v2\/types\/post"}],"author":[{"embeddable":true,"href":"https:\/\/cetm-madrid.es\/web\/wp-json\/wp\/v2\/users\/1"}],"replies":[{"embeddable":true,"href":"https:\/\/cetm-madrid.es\/web\/wp-json\/wp\/v2\/comments?post=10196"}],"version-history":[{"count":2,"href":"https:\/\/cetm-madrid.es\/web\/wp-json\/wp\/v2\/posts\/10196\/revisions"}],"predecessor-version":[{"id":10200,"href":"https:\/\/cetm-madrid.es\/web\/wp-json\/wp\/v2\/posts\/10196\/revisions\/10200"}],"wp:featuredmedia":[{"embeddable":true,"href":"https:\/\/cetm-madrid.es\/web\/wp-json\/wp\/v2\/media\/10199"}],"wp:attachment":[{"href":"https:\/\/cetm-madrid.es\/web\/wp-json\/wp\/v2\/media?parent=10196"}],"wp:term":[{"taxonomy":"category","embeddable":true,"href":"https:\/\/cetm-madrid.es\/web\/wp-json\/wp\/v2\/categories?post=10196"},{"taxonomy":"post_tag","embeddable":true,"href":"https:\/\/cetm-madrid.es\/web\/wp-json\/wp\/v2\/tags?post=10196"}],"curies":[{"name":"wp","href":"https:\/\/api.w.org\/{rel}","templated":true}]}}