{"id":10190,"date":"2022-02-24T18:00:02","date_gmt":"2022-02-24T18:00:02","guid":{"rendered":"https:\/\/cetm-madrid.es\/web\/?p=10190"},"modified":"2022-02-25T18:08:25","modified_gmt":"2022-02-25T18:08:25","slug":"protestas-por-los-precios-del-combustible-en-italia","status":"publish","type":"post","link":"https:\/\/cetm-madrid.es\/web\/protestas-por-los-precios-del-combustible-en-italia\/","title":{"rendered":"Protestas por los precios del combustible en Italia"},"content":{"rendered":"<p>[et_pb_section fb_built=&#8221;1&#8243; admin_label=&#8221;section&#8221; _builder_version=&#8221;3.22&#8243; global_colors_info=&#8221;{}&#8221; theme_builder_area=&#8221;post_content&#8221;][et_pb_row admin_label=&#8221;row&#8221; _builder_version=&#8221;3.25&#8243; background_size=&#8221;initial&#8221; background_position=&#8221;top_left&#8221; background_repeat=&#8221;repeat&#8221; global_colors_info=&#8221;{}&#8221; column_structure=&#8221;2_3,1_3&#8243; theme_builder_area=&#8221;post_content&#8221;][et_pb_column type=&#8221;2_3&#8243; _builder_version=&#8221;3.25&#8243; custom_padding=&#8221;|||&#8221; global_colors_info=&#8221;{}&#8221; custom_padding__hover=&#8221;|||&#8221; theme_builder_area=&#8221;post_content&#8221;][et_pb_text admin_label=&#8221;Texto&#8221; _builder_version=&#8221;4.14.4&#8243; background_size=&#8221;initial&#8221; background_position=&#8221;top_left&#8221; background_repeat=&#8221;repeat&#8221; text_orientation=&#8221;justified&#8221; hover_enabled=&#8221;0&#8243; use_border_color=&#8221;off&#8221; border_color=&#8221;#ffffff&#8221; border_style=&#8221;solid&#8221; global_colors_info=&#8221;{}&#8221; theme_builder_area=&#8221;post_content&#8221; sticky_enabled=&#8221;0&#8243;]<\/p>\n<p>Italia est\u00e1 viviendo protestas de transportistas desde este mi\u00e9rcoles. Los camiones<strong> se aglutinan en algunas carreteras del sur del pa\u00eds<\/strong> para formar barreras y exigir la bajada del precio de los combustibles.<\/p>\n<p>Seg\u00fan informan los medios italianos, hay tramos de algunas v\u00edas que est\u00e1n bloqueados en la regi\u00f3n de Campania, como la <strong>A1<\/strong> cerca de N\u00e1poles y la <strong>A30<\/strong> en Salermo.<\/p>\n<p>En algunas zonas se han registrado altercados e, incluso, un manifestante ha sido apu\u00f1ado en Foggia.<\/p>\n<p>Como consecuencia, <strong>se est\u00e1n produciendo retenciones<\/strong>, por lo que es recomendable consultar el estado de las v\u00edas para evitar contratiempos.<\/p>\n<p>Est\u00e1 previsto que las asociaciones del transporte se re\u00fanan esta tarde con la viceministra de infraestructuras y sostenibilidad, Teresa Bellanova. Los transportistas <strong>amenazan con aumentar la tensi\u00f3n y bloquear el pa\u00eds<\/strong> si el resultado de este encuentro no es satisfactorio.<\/p>\n<p>Enlaces para conocer el estado del tr\u00e1fico en tiempo real:<\/p>\n<p>\u2022 <a href=\"https:\/\/www.autostrade.it\/it\/traffico-in-real-time\" target=\"_blank\" rel=\"noopener noreferrer\">https:\/\/www.autostrade.it\/it\/traffico-in-real-time<\/a><\/p>\n<p>\u2022 <a href=\"https:\/\/www.viamichelin.es\/web\/Trafico\/Info_Trafico-Italia\" target=\"_blank\" rel=\"noopener noreferrer\">https:\/\/www.viamichelin.es\/web\/Trafico\/Info_Trafico-Italia<\/a><\/p>\n<p>[\/et_pb_text][\/et_pb_column][et_pb_column type=&#8221;1_3&#8243; _builder_version=&#8221;3.25&#8243; custom_padding=&#8221;|||&#8221; global_colors_info=&#8221;{}&#8221; custom_padding__hover=&#8221;|||&#8221; theme_builder_area=&#8221;post_content&#8221;][et_pb_image src=&#8221;https:\/\/cetm-madrid.es\/web\/wp-content\/uploads\/2022\/02\/Dise\u00f1o-sin-t\u00edtulo-13.png&#8221; align_tablet=&#8221;center&#8221; align_last_edited=&#8221;on|desktop&#8221; admin_label=&#8221;Imagen&#8221; _builder_version=&#8221;4.14.4&#8243; animation_style=&#8221;slide&#8221; animation_direction=&#8221;left&#8221; animation_duration=&#8221;500ms&#8221; animation_intensity_slide=&#8221;10%&#8221; hover_enabled=&#8221;0&#8243; use_border_color=&#8221;off&#8221; border_color=&#8221;#ffffff&#8221; border_style=&#8221;solid&#8221; animation=&#8221;left&#8221; sticky=&#8221;off&#8221; always_center_on_mobile=&#8221;on&#8221; global_colors_info=&#8221;{}&#8221; theme_builder_area=&#8221;post_content&#8221; title_text=&#8221;Dise\u00f1o sin t\u00edtulo (13)&#8221; sticky_enabled=&#8221;0&#8243; align_phone=&#8221;center&#8221;][\/et_pb_image][\/et_pb_column][\/et_pb_row][\/et_pb_section]<\/p>\n","protected":false},"excerpt":{"rendered":"<p>Italia est\u00e1 viviendo protestas de transportistas desde este mi\u00e9rcoles. Los camiones se aglutinan en algunas carreteras del sur del pa\u00eds para formar barreras y exigir la bajada del precio de los combustibles. Seg\u00fan informan los medios italianos, hay tramos de algunas v\u00edas que est\u00e1n bloqueados en la regi\u00f3n de Campania, como la A1 cerca de [&hellip;]<\/p>\n","protected":false},"author":1,"featured_media":10193,"comment_status":"closed","ping_status":"open","sticky":false,"template":"","format":"standard","meta":{"_et_pb_use_builder":"on","_et_pb_old_content":"","_et_gb_content_width":"","footnotes":""},"categories":[5,4],"tags":[],"class_list":["post-10190","post","type-post","status-publish","format-standard","has-post-thumbnail","hentry","category-general","category-organizacion"],"_links":{"self":[{"href":"https:\/\/cetm-madrid.es\/web\/wp-json\/wp\/v2\/posts\/10190","targetHints":{"allow":["GET"]}}],"collection":[{"href":"https:\/\/cetm-madrid.es\/web\/wp-json\/wp\/v2\/posts"}],"about":[{"href":"https:\/\/cetm-madrid.es\/web\/wp-json\/wp\/v2\/types\/post"}],"author":[{"embeddable":true,"href":"https:\/\/cetm-madrid.es\/web\/wp-json\/wp\/v2\/users\/1"}],"replies":[{"embeddable":true,"href":"https:\/\/cetm-madrid.es\/web\/wp-json\/wp\/v2\/comments?post=10190"}],"version-history":[{"count":2,"href":"https:\/\/cetm-madrid.es\/web\/wp-json\/wp\/v2\/posts\/10190\/revisions"}],"predecessor-version":[{"id":10194,"href":"https:\/\/cetm-madrid.es\/web\/wp-json\/wp\/v2\/posts\/10190\/revisions\/10194"}],"wp:featuredmedia":[{"embeddable":true,"href":"https:\/\/cetm-madrid.es\/web\/wp-json\/wp\/v2\/media\/10193"}],"wp:attachment":[{"href":"https:\/\/cetm-madrid.es\/web\/wp-json\/wp\/v2\/media?parent=10190"}],"wp:term":[{"taxonomy":"category","embeddable":true,"href":"https:\/\/cetm-madrid.es\/web\/wp-json\/wp\/v2\/categories?post=10190"},{"taxonomy":"post_tag","embeddable":true,"href":"https:\/\/cetm-madrid.es\/web\/wp-json\/wp\/v2\/tags?post=10190"}],"curies":[{"name":"wp","href":"https:\/\/api.w.org\/{rel}","templated":true}]}}