{"id":10146,"date":"2022-02-18T17:53:44","date_gmt":"2022-02-18T17:53:44","guid":{"rendered":"https:\/\/cetm-madrid.es\/web\/?p=10146"},"modified":"2022-02-19T18:01:10","modified_gmt":"2022-02-19T18:01:10","slug":"la-borrasca-eunice-afectara-a-alemania-y-otros-paises-europeos","status":"publish","type":"post","link":"https:\/\/cetm-madrid.es\/web\/la-borrasca-eunice-afectara-a-alemania-y-otros-paises-europeos\/","title":{"rendered":"La borrasca Eunice afectar\u00e1 a Alemania y otros pa\u00edses europeos"},"content":{"rendered":"<p>[et_pb_section fb_built=&#8221;1&#8243; admin_label=&#8221;section&#8221; _builder_version=&#8221;3.22&#8243; global_colors_info=&#8221;{}&#8221; theme_builder_area=&#8221;post_content&#8221;][et_pb_row admin_label=&#8221;row&#8221; _builder_version=&#8221;3.25&#8243; background_size=&#8221;initial&#8221; background_position=&#8221;top_left&#8221; background_repeat=&#8221;repeat&#8221; global_colors_info=&#8221;{}&#8221; column_structure=&#8221;2_3,1_3&#8243; theme_builder_area=&#8221;post_content&#8221;][et_pb_column type=&#8221;2_3&#8243; _builder_version=&#8221;3.25&#8243; custom_padding=&#8221;|||&#8221; global_colors_info=&#8221;{}&#8221; custom_padding__hover=&#8221;|||&#8221; theme_builder_area=&#8221;post_content&#8221;][et_pb_text admin_label=&#8221;Texto&#8221; _builder_version=&#8221;4.14.4&#8243; background_size=&#8221;initial&#8221; background_position=&#8221;top_left&#8221; background_repeat=&#8221;repeat&#8221; text_orientation=&#8221;justified&#8221; hover_enabled=&#8221;0&#8243; use_border_color=&#8221;off&#8221; border_color=&#8221;#ffffff&#8221; border_style=&#8221;solid&#8221; global_colors_info=&#8221;{}&#8221; theme_builder_area=&#8221;post_content&#8221; sticky_enabled=&#8221;0&#8243;]<\/p>\n<p>Este jueves la tormenta Ylenia ha causado fuertes estragos en Alemania, con vientos de hasta 135 km\/h en algunas zonas y, ahora, se espera que la borrasca Eunice <br \/>(denominada all\u00ed Zeynep) <strong>azote con m\u00e1s fuerza al pa\u00eds.<\/strong><\/p>\n<p>Seg\u00fan indica el Servicio Meteorol\u00f3gico Alem\u00e1n (DWD) los estados de Schleswig-Holstein, Hamburgo, Mecklemburgo-Pomerania Occidental, Bremen, Baja Sajonia, Sajonia-Anhalt, Brandeburgo, Berl\u00edn, Renania del Norte-Westfalia, Hesse, Turingia y Sajonia <strong>ser\u00e1n los m\u00e1s afectados.<\/strong><\/p>\n<p>[\/et_pb_text][et_pb_image _builder_version=&#8221;4.14.4&#8243; _module_preset=&#8221;default&#8221; theme_builder_area=&#8221;post_content&#8221; title_text=&#8221;Captura 2&#8243; src=&#8221;https:\/\/cetm-madrid.es\/web\/wp-content\/uploads\/2022\/02\/Captura-2.png&#8221; hover_enabled=&#8221;0&#8243; sticky_enabled=&#8221;0&#8243;][\/et_pb_image][et_pb_text admin_label=&#8221;Texto&#8221; _builder_version=&#8221;4.14.4&#8243; background_size=&#8221;initial&#8221; background_position=&#8221;top_left&#8221; background_repeat=&#8221;repeat&#8221; text_orientation=&#8221;justified&#8221; hover_enabled=&#8221;0&#8243; use_border_color=&#8221;off&#8221; border_color=&#8221;#ffffff&#8221; border_style=&#8221;solid&#8221; global_colors_info=&#8221;{}&#8221; theme_builder_area=&#8221;post_content&#8221; sticky_enabled=&#8221;0&#8243;]<\/p>\n<p>Otros pa\u00edses como<strong> Francia y Holanda tambi\u00e9n han emitido alertas<\/strong> ante la llegada de este fen\u00f3meno meteorol\u00f3gico, por lo que se recomienda a las empresas de transporte internacional que consulten la previsi\u00f3n de los pa\u00edses en los que operen y permanezcan en alerta.<\/p>\n<p>En <strong>Espa\u00f1a<\/strong>, se espera que Eunice <strong>provoque una bajada de temperaturas<\/strong> y fuertes rachas de viento que afectar\u00e1n a zonas costeras de Galicia, Asturias y Pa\u00eds Vasco.<\/p>\n<p>Si bien, no se ha emitido ninguna alerta especial por parte de la AEMET y, aunque est\u00e1 previsto que se registren lluvias en algunas zonas, <strong>el efecto de Eunice en nuestro pa\u00eds no ser\u00e1 tan perjudicial<\/strong> como ocurrir\u00e1 en Reino Unido o Alemania.\u00a0<\/p>\n<p>[\/et_pb_text][\/et_pb_column][et_pb_column type=&#8221;1_3&#8243; _builder_version=&#8221;3.25&#8243; custom_padding=&#8221;|||&#8221; global_colors_info=&#8221;{}&#8221; custom_padding__hover=&#8221;|||&#8221; theme_builder_area=&#8221;post_content&#8221;][\/et_pb_column][\/et_pb_row][\/et_pb_section]<\/p>\n","protected":false},"excerpt":{"rendered":"<p>Este jueves la tormenta Ylenia ha causado fuertes estragos en Alemania, con vientos de hasta 135 km\/h en algunas zonas y, ahora, se espera que la borrasca Eunice (denominada all\u00ed Zeynep) azote con m\u00e1s fuerza al pa\u00eds. Seg\u00fan indica el Servicio Meteorol\u00f3gico Alem\u00e1n (DWD) los estados de Schleswig-Holstein, Hamburgo, Mecklemburgo-Pomerania Occidental, Bremen, Baja Sajonia, Sajonia-Anhalt, [&hellip;]<\/p>\n","protected":false},"author":1,"featured_media":10150,"comment_status":"closed","ping_status":"open","sticky":false,"template":"","format":"standard","meta":{"_et_pb_use_builder":"on","_et_pb_old_content":"","_et_gb_content_width":"","footnotes":""},"categories":[5,4],"tags":[],"class_list":["post-10146","post","type-post","status-publish","format-standard","has-post-thumbnail","hentry","category-general","category-organizacion"],"_links":{"self":[{"href":"https:\/\/cetm-madrid.es\/web\/wp-json\/wp\/v2\/posts\/10146","targetHints":{"allow":["GET"]}}],"collection":[{"href":"https:\/\/cetm-madrid.es\/web\/wp-json\/wp\/v2\/posts"}],"about":[{"href":"https:\/\/cetm-madrid.es\/web\/wp-json\/wp\/v2\/types\/post"}],"author":[{"embeddable":true,"href":"https:\/\/cetm-madrid.es\/web\/wp-json\/wp\/v2\/users\/1"}],"replies":[{"embeddable":true,"href":"https:\/\/cetm-madrid.es\/web\/wp-json\/wp\/v2\/comments?post=10146"}],"version-history":[{"count":2,"href":"https:\/\/cetm-madrid.es\/web\/wp-json\/wp\/v2\/posts\/10146\/revisions"}],"predecessor-version":[{"id":10151,"href":"https:\/\/cetm-madrid.es\/web\/wp-json\/wp\/v2\/posts\/10146\/revisions\/10151"}],"wp:featuredmedia":[{"embeddable":true,"href":"https:\/\/cetm-madrid.es\/web\/wp-json\/wp\/v2\/media\/10150"}],"wp:attachment":[{"href":"https:\/\/cetm-madrid.es\/web\/wp-json\/wp\/v2\/media?parent=10146"}],"wp:term":[{"taxonomy":"category","embeddable":true,"href":"https:\/\/cetm-madrid.es\/web\/wp-json\/wp\/v2\/categories?post=10146"},{"taxonomy":"post_tag","embeddable":true,"href":"https:\/\/cetm-madrid.es\/web\/wp-json\/wp\/v2\/tags?post=10146"}],"curies":[{"name":"wp","href":"https:\/\/api.w.org\/{rel}","templated":true}]}}