{"id":10081,"date":"2022-02-10T20:00:06","date_gmt":"2022-02-10T20:00:06","guid":{"rendered":"https:\/\/cetm-madrid.es\/web\/?p=10081"},"modified":"2022-02-11T20:09:33","modified_gmt":"2022-02-11T20:09:33","slug":"la-dgt-implantara-el-sello-de-movilidad-segura-en-la-empresa-en-todas-las-comunidades-autonomas","status":"publish","type":"post","link":"https:\/\/cetm-madrid.es\/web\/la-dgt-implantara-el-sello-de-movilidad-segura-en-la-empresa-en-todas-las-comunidades-autonomas\/","title":{"rendered":"La DGT implantar\u00e1 el sello de movilidad segura en la empresa en todas las Comunidades Aut\u00f3nomas"},"content":{"rendered":"<p>[et_pb_section fb_built=&#8221;1&#8243; admin_label=&#8221;section&#8221; _builder_version=&#8221;3.22&#8243; global_colors_info=&#8221;{}&#8221; theme_builder_area=&#8221;post_content&#8221;][et_pb_row admin_label=&#8221;row&#8221; _builder_version=&#8221;3.25&#8243; background_size=&#8221;initial&#8221; background_position=&#8221;top_left&#8221; background_repeat=&#8221;repeat&#8221; global_colors_info=&#8221;{}&#8221; column_structure=&#8221;2_3,1_3&#8243; theme_builder_area=&#8221;post_content&#8221;][et_pb_column type=&#8221;2_3&#8243; _builder_version=&#8221;3.25&#8243; custom_padding=&#8221;|||&#8221; global_colors_info=&#8221;{}&#8221; custom_padding__hover=&#8221;|||&#8221; theme_builder_area=&#8221;post_content&#8221;][et_pb_text admin_label=&#8221;Texto&#8221; _builder_version=&#8221;4.14.4&#8243; background_size=&#8221;initial&#8221; background_position=&#8221;top_left&#8221; background_repeat=&#8221;repeat&#8221; text_orientation=&#8221;justified&#8221; hover_enabled=&#8221;0&#8243; use_border_color=&#8221;off&#8221; border_color=&#8221;#ffffff&#8221; border_style=&#8221;solid&#8221; global_colors_info=&#8221;{}&#8221; theme_builder_area=&#8221;post_content&#8221; sticky_enabled=&#8221;0&#8243;]<\/p>\n<p>La Direcci\u00f3n General de Tr\u00e1fico (DGT) ha presentado este jueves en Oviedo durante la celebraci\u00f3n de la \u2018Jornada Seguridad Vial en la Empresa 2022\u2019, el <strong>Sello de Movilidad Segura en la Empresa<\/strong>, una distinci\u00f3n que <strong>ya se puso en marcha en Asturias en el a\u00f1o 2016<\/strong> y que, ahora, pretende promover en toda Espa\u00f1a como renacimiento p\u00fablico a las empresas que apuestan por <strong>reducir la siniestralidad laboral dentro de sus planes de prevenci\u00f3n.<\/strong><\/p>\n<p><span style=\"text-decoration: underline;\"><strong>\u00bfC\u00f3mo se podr\u00e1 obtener el Sello? <\/strong><\/span><\/p>\n<p>Ser\u00e1 necesario cumplir con una serie de requisitos generales, entre los que se encuentra la presentaci\u00f3n de un Plan de Movilidad en la empresa acorde con las obligaciones recogidas en el<span style=\"text-decoration: underline;\"> <a href=\"https:\/\/www-pro.dgt.es\/export\/sites\/web-DGT\/.galleries\/downloads\/conoce_la_dgt\/que-hacemos\/estrategias-y-planes\/Plan_maquetado.pdf\" target=\"_blank\" rel=\"noopener noreferrer\">Plan tipo de movilidad segura y sostenible en la empresa<\/a> <\/span>elaborado por la DGT en colaboraci\u00f3n con el Instituto Nacional de Seguridad y <br \/>Salud en el Trabajo. El objetivo de este plan ser\u00e1 el de <strong>mejorar la seguridad vial en el \u00e1mbito empresarial<\/strong>, con el fin de reducir tanto los riesgos relacionados con los\u00a0 desplazamientos in itinere (la ruta que realiza se realiza hasta el lugar de trabajo), como los que se producen dentro de la jornada laboral en el desempe\u00f1o de las funciones por parte de los trabajadores.<\/p>\n<p>Seg\u00fan ha informado la DGT, en el a\u00f1o 2019 se produjeron <strong>77.496 accidentes laborales de tr\u00e1fico en total<\/strong>, de los que 232 fueron mortales (98 en misi\u00f3n y 134 in itinere).<\/p>\n<p>Este distintivo tendr\u00e1 una vigencia temporal establecida por cada Comunidad Aut\u00f3noma, aunque <strong>se ha propuesto una vigencia de cuatro a\u00f1os<\/strong> y la realizaci\u00f3n de un\u00a0 informe de seguimiento cada dos a\u00f1os para lograr uniformidad de criterios en el \u00e1mbito estatal. <\/p>\n<p>Las empresas que logren este Sello podr\u00e1n hacer uso de este en cualquiera de sus comunicaciones y, como herramienta de apoyo, <strong>est\u00e1 previsto que se realicen jornadas y talleres de trabajo gratuitos<\/strong> para la implantaci\u00f3n del Plan de Movilidad Segura.<\/p>\n<p>Tal y como hemos mencionado anteriormente, Asturias fue la primera comunidad que puso en marcha esta iniciativa. Cantabria tambi\u00e9n ha seguido este modelo a trav\u00e9s del Sello C\u00e1ntabro de Movilidad Segura y el objetivo de la DGT es que el resto de las comunidades implanten esta insignia como una herramienta que servir\u00e1 para <strong>reconocer e incentivar la gesti\u00f3n de la seguridad vial laboral. <\/strong><\/p>\n<p>[\/et_pb_text][\/et_pb_column][et_pb_column type=&#8221;1_3&#8243; _builder_version=&#8221;3.25&#8243; custom_padding=&#8221;|||&#8221; global_colors_info=&#8221;{}&#8221; custom_padding__hover=&#8221;|||&#8221; theme_builder_area=&#8221;post_content&#8221;][et_pb_image src=&#8221;https:\/\/cetm-madrid.es\/web\/wp-content\/uploads\/2022\/02\/Captura.png&#8221; align_tablet=&#8221;center&#8221; align_last_edited=&#8221;on|desktop&#8221; admin_label=&#8221;Imagen&#8221; _builder_version=&#8221;4.14.4&#8243; animation_style=&#8221;slide&#8221; animation_direction=&#8221;left&#8221; animation_duration=&#8221;500ms&#8221; animation_intensity_slide=&#8221;10%&#8221; hover_enabled=&#8221;0&#8243; use_border_color=&#8221;off&#8221; border_color=&#8221;#ffffff&#8221; border_style=&#8221;solid&#8221; animation=&#8221;left&#8221; sticky=&#8221;off&#8221; always_center_on_mobile=&#8221;on&#8221; global_colors_info=&#8221;{}&#8221; theme_builder_area=&#8221;post_content&#8221; title_text=&#8221;Captura&#8221; sticky_enabled=&#8221;0&#8243; align_phone=&#8221;center&#8221;][\/et_pb_image][\/et_pb_column][\/et_pb_row][\/et_pb_section]<\/p>\n","protected":false},"excerpt":{"rendered":"<p>La Direcci\u00f3n General de Tr\u00e1fico (DGT) ha presentado este jueves en Oviedo durante la celebraci\u00f3n de la \u2018Jornada Seguridad Vial en la Empresa 2022\u2019, el Sello de Movilidad Segura en la Empresa, una distinci\u00f3n que ya se puso en marcha en Asturias en el a\u00f1o 2016 y que, ahora, pretende promover en toda Espa\u00f1a como [&hellip;]<\/p>\n","protected":false},"author":1,"featured_media":10084,"comment_status":"closed","ping_status":"open","sticky":false,"template":"","format":"standard","meta":{"_et_pb_use_builder":"on","_et_pb_old_content":"","_et_gb_content_width":"","footnotes":""},"categories":[5,4],"tags":[],"class_list":["post-10081","post","type-post","status-publish","format-standard","has-post-thumbnail","hentry","category-general","category-organizacion"],"_links":{"self":[{"href":"https:\/\/cetm-madrid.es\/web\/wp-json\/wp\/v2\/posts\/10081","targetHints":{"allow":["GET"]}}],"collection":[{"href":"https:\/\/cetm-madrid.es\/web\/wp-json\/wp\/v2\/posts"}],"about":[{"href":"https:\/\/cetm-madrid.es\/web\/wp-json\/wp\/v2\/types\/post"}],"author":[{"embeddable":true,"href":"https:\/\/cetm-madrid.es\/web\/wp-json\/wp\/v2\/users\/1"}],"replies":[{"embeddable":true,"href":"https:\/\/cetm-madrid.es\/web\/wp-json\/wp\/v2\/comments?post=10081"}],"version-history":[{"count":2,"href":"https:\/\/cetm-madrid.es\/web\/wp-json\/wp\/v2\/posts\/10081\/revisions"}],"predecessor-version":[{"id":10085,"href":"https:\/\/cetm-madrid.es\/web\/wp-json\/wp\/v2\/posts\/10081\/revisions\/10085"}],"wp:featuredmedia":[{"embeddable":true,"href":"https:\/\/cetm-madrid.es\/web\/wp-json\/wp\/v2\/media\/10084"}],"wp:attachment":[{"href":"https:\/\/cetm-madrid.es\/web\/wp-json\/wp\/v2\/media?parent=10081"}],"wp:term":[{"taxonomy":"category","embeddable":true,"href":"https:\/\/cetm-madrid.es\/web\/wp-json\/wp\/v2\/categories?post=10081"},{"taxonomy":"post_tag","embeddable":true,"href":"https:\/\/cetm-madrid.es\/web\/wp-json\/wp\/v2\/tags?post=10081"}],"curies":[{"name":"wp","href":"https:\/\/api.w.org\/{rel}","templated":true}]}}