{"id":10058,"date":"2022-02-09T20:08:39","date_gmt":"2022-02-09T20:08:39","guid":{"rendered":"https:\/\/cetm-madrid.es\/web\/?p=10058"},"modified":"2022-02-09T20:08:45","modified_gmt":"2022-02-09T20:08:45","slug":"posibles-movilizaciones-en-francia-el-proximo-viernes-11-de-febrero-en-contra-de-las-restricciones-y-la-vacunacion","status":"publish","type":"post","link":"https:\/\/cetm-madrid.es\/web\/posibles-movilizaciones-en-francia-el-proximo-viernes-11-de-febrero-en-contra-de-las-restricciones-y-la-vacunacion\/","title":{"rendered":"Posibles movilizaciones en Francia el pr\u00f3ximo viernes 11 de febrero en contra de las restricciones y la vacunaci\u00f3n"},"content":{"rendered":"<p>[et_pb_section fb_built=&#8221;1&#8243; admin_label=&#8221;section&#8221; _builder_version=&#8221;3.22&#8243; global_colors_info=&#8221;{}&#8221; theme_builder_area=&#8221;post_content&#8221;][et_pb_row admin_label=&#8221;row&#8221; _builder_version=&#8221;3.25&#8243; background_size=&#8221;initial&#8221; background_position=&#8221;top_left&#8221; background_repeat=&#8221;repeat&#8221; global_colors_info=&#8221;{}&#8221; column_structure=&#8221;2_3,1_3&#8243; theme_builder_area=&#8221;post_content&#8221;][et_pb_column type=&#8221;2_3&#8243; _builder_version=&#8221;3.25&#8243; custom_padding=&#8221;|||&#8221; global_colors_info=&#8221;{}&#8221; custom_padding__hover=&#8221;|||&#8221; theme_builder_area=&#8221;post_content&#8221;][et_pb_text admin_label=&#8221;Texto&#8221; _builder_version=&#8221;4.14.4&#8243; background_size=&#8221;initial&#8221; background_position=&#8221;top_left&#8221; background_repeat=&#8221;repeat&#8221; text_orientation=&#8221;justified&#8221; hover_enabled=&#8221;0&#8243; use_border_color=&#8221;off&#8221; border_color=&#8221;#ffffff&#8221; border_style=&#8221;solid&#8221; global_colors_info=&#8221;{}&#8221; theme_builder_area=&#8221;post_content&#8221; sticky_enabled=&#8221;0&#8243;]<\/p>\n<p>Durante la \u00faltima semana, la capital de Canad\u00e1, Ottawa, es noticia debido a las movilizaciones que han llevado a cabo los camioneros, bloqueando las principales calles y haciendo sonar sus bocinas como se\u00f1al de protesta en contra de las restricciones ante el Covid-19 y la vacunaci\u00f3n.<\/p>\n<p>Seg\u00fan informan los medios franceses, este movimiento denominado \u2018Freedom Convoy 2022\u2019 ha inspirado a los ciudadanos del pa\u00eds galo, que est\u00e1n organiz\u00e1ndose a trav\u00e9s de Facebook e Telegram para <strong>llevar a cabo una protesta similar el pr\u00f3ximo viernes 11 de febrero y otra en Bruselas el lunes 14 de febrero.<\/strong><\/p>\n<p>Tal y como indica el diario Lib\u00e9ration, <strong>est\u00e1n previstas las salidas de camioneros a partir de este mi\u00e9rcoles<\/strong> 9 de febrero desde Niza, Perpi\u00f1\u00e1n y Bayona, desde el 10 de febrero desde Brest y Quimper y desde el 11 de febrero desde Estrasburgo, Lille, Cherburgo y Charleville-M\u00e9zi\u00e8res. La llegada a Par\u00eds est\u00e1 prevista para el viernes 11 de febrero a las 20:00 horas.<\/p>\n<p>Debido a la naturaleza de esta iniciativa, convocada a trav\u00e9s de redes sociales, es dif\u00edcil prever el n\u00famero de participantes si finalmente se lleva a cabo y qu\u00e9 impacto podr\u00eda tener, pero pedimos a las empresas de transporte que operen en el pa\u00eds que <strong>tengan en cuenta esta informaci\u00f3n<\/strong> por si pudieran producirse retenciones de tr\u00e1fico.<\/p>\n<p>Algunos enlaces para conocer el estado del tr\u00e1fico en Francia:<\/p>\n<p>\u2022 <a href=\"https:\/\/www.bison-fute.gouv.fr\/trafic,langes.html\" target=\"_blank\" rel=\"noopener noreferrer\">https:\/\/www.bison-fute.gouv.fr\/trafic,langes.html<\/a><\/p>\n<p>\u2022 <a href=\"https:\/\/www.viamichelin.es\/web\/Trafico\/Info_Trafico-Francia\" target=\"_blank\" rel=\"noopener noreferrer\">https:\/\/www.viamichelin.es\/web\/Trafico\/Info_Trafico-Francia<\/a><\/p>\n<p>[\/et_pb_text][\/et_pb_column][et_pb_column type=&#8221;1_3&#8243; _builder_version=&#8221;3.25&#8243; custom_padding=&#8221;|||&#8221; global_colors_info=&#8221;{}&#8221; custom_padding__hover=&#8221;|||&#8221; theme_builder_area=&#8221;post_content&#8221;][et_pb_image src=&#8221;https:\/\/cetm-madrid.es\/web\/wp-content\/uploads\/2022\/02\/Dise\u00f1o-sin-t\u00edtulo.jpg&#8221; align_tablet=&#8221;center&#8221; align_last_edited=&#8221;on|desktop&#8221; admin_label=&#8221;Imagen&#8221; _builder_version=&#8221;4.14.4&#8243; animation_style=&#8221;slide&#8221; animation_direction=&#8221;left&#8221; animation_duration=&#8221;500ms&#8221; animation_intensity_slide=&#8221;10%&#8221; hover_enabled=&#8221;0&#8243; use_border_color=&#8221;off&#8221; border_color=&#8221;#ffffff&#8221; border_style=&#8221;solid&#8221; animation=&#8221;left&#8221; sticky=&#8221;off&#8221; always_center_on_mobile=&#8221;on&#8221; global_colors_info=&#8221;{}&#8221; theme_builder_area=&#8221;post_content&#8221; title_text=&#8221;Dise\u00f1o sin t\u00edtulo&#8221; sticky_enabled=&#8221;0&#8243; align_phone=&#8221;center&#8221;][\/et_pb_image][\/et_pb_column][\/et_pb_row][\/et_pb_section]<\/p>\n","protected":false},"excerpt":{"rendered":"<p>Durante la \u00faltima semana, la capital de Canad\u00e1, Ottawa, es noticia debido a las movilizaciones que han llevado a cabo los camioneros, bloqueando las principales calles y haciendo sonar sus bocinas como se\u00f1al de protesta en contra de las restricciones ante el Covid-19 y la vacunaci\u00f3n. Seg\u00fan informan los medios franceses, este movimiento denominado \u2018Freedom [&hellip;]<\/p>\n","protected":false},"author":1,"featured_media":10061,"comment_status":"closed","ping_status":"open","sticky":false,"template":"","format":"standard","meta":{"_et_pb_use_builder":"on","_et_pb_old_content":"","_et_gb_content_width":"","footnotes":""},"categories":[5,4],"tags":[],"class_list":["post-10058","post","type-post","status-publish","format-standard","has-post-thumbnail","hentry","category-general","category-organizacion"],"_links":{"self":[{"href":"https:\/\/cetm-madrid.es\/web\/wp-json\/wp\/v2\/posts\/10058","targetHints":{"allow":["GET"]}}],"collection":[{"href":"https:\/\/cetm-madrid.es\/web\/wp-json\/wp\/v2\/posts"}],"about":[{"href":"https:\/\/cetm-madrid.es\/web\/wp-json\/wp\/v2\/types\/post"}],"author":[{"embeddable":true,"href":"https:\/\/cetm-madrid.es\/web\/wp-json\/wp\/v2\/users\/1"}],"replies":[{"embeddable":true,"href":"https:\/\/cetm-madrid.es\/web\/wp-json\/wp\/v2\/comments?post=10058"}],"version-history":[{"count":2,"href":"https:\/\/cetm-madrid.es\/web\/wp-json\/wp\/v2\/posts\/10058\/revisions"}],"predecessor-version":[{"id":10062,"href":"https:\/\/cetm-madrid.es\/web\/wp-json\/wp\/v2\/posts\/10058\/revisions\/10062"}],"wp:featuredmedia":[{"embeddable":true,"href":"https:\/\/cetm-madrid.es\/web\/wp-json\/wp\/v2\/media\/10061"}],"wp:attachment":[{"href":"https:\/\/cetm-madrid.es\/web\/wp-json\/wp\/v2\/media?parent=10058"}],"wp:term":[{"taxonomy":"category","embeddable":true,"href":"https:\/\/cetm-madrid.es\/web\/wp-json\/wp\/v2\/categories?post=10058"},{"taxonomy":"post_tag","embeddable":true,"href":"https:\/\/cetm-madrid.es\/web\/wp-json\/wp\/v2\/tags?post=10058"}],"curies":[{"name":"wp","href":"https:\/\/api.w.org\/{rel}","templated":true}]}}